{"id":1134,"date":"2021-05-28T07:57:12","date_gmt":"2021-05-28T10:57:12","guid":{"rendered":"http:\/\/goiana.pe.leg.br\/?post_type=ordem-do-dia&amp;p=1134"},"modified":"2021-05-28T07:57:12","modified_gmt":"2021-05-28T10:57:12","slug":"ordem-do-dia-03-06-2021","status":"publish","type":"post","link":"https:\/\/goiana.pe.leg.br\/portal\/?p=1134","title":{"rendered":"Ordem do dia 03\/06\/2021"},"content":{"rendered":"<p><strong>REUNI\u00c3O ORDIN\u00c1RIA DO 1\u00ba ANO DA 18\u00ba LEGISLATURA DA C\u00c2MARA MUNICIPAL DE GOIANA, EM 03 DE JUNHO DE 2021.<\/strong><\/p>\n<p><strong>O R D E M\u00a0\u00a0\u00a0 D O\u00a0\u00a0\u00a0 D I A<\/strong><\/p>\n<p>1\u00aa DISCUSS\u00c3O DO PROJETO DE LEI N\u00ba 023\/2021.<\/p>\n<p>AUTOR: VER: RAMON ARAMHA<\/p>\n<p>DISP\u00d5E SOBRE A VISITA VIRTUAL, POR MEIO DE VIDEOCHAMADAS, DE FAMILIARES A PACIENTES INTERNADOS EM DECORRENCIA DO NOVO CORONAVIRUS ( COVID-19), NO MUNICIPIO DE GOIANA-PE, E D\u00c1 OUTRAS PROVID\u00caNCIAS.<\/p>\n<p>PARECER FAVORAVEL PUBLICADO EM 02 DE JUNHO DE 2021.<\/p>\n<p>&nbsp;<\/p>\n<p>DISCUSS\u00c3O \u00daNICA DA INDICA\u00c7\u00c3O N\u00ba 227\/2021.<\/p>\n<p>AUTOR: VER: IBSON GOUVEIA.<\/p>\n<p>INDICA AO PREFEITO MUNICIPAL, SEJA REALIZADO O CAL\u00c7AMENTO E SANEAMENTO DA RUA LOTEAMENTO JOAO ALVES E NAS ADJECENTES, NESTE MUNICIPIO.<\/p>\n<p>PUBLICADO EM 28 DE MAIO DE 2021.<\/p>\n<p>&nbsp;<\/p>\n<p>DISCUSS\u00c3O \u00daNICA DA INDICA\u00c7\u00c3O N\u00ba 228\/2021.<\/p>\n<p>AUTOR; VER: RAMON ARANHA<\/p>\n<p>INDICA AO PREFEITO MUNICIPAL, NO SENTIDO DE QUE SEJA UNIFICADO O PERCENTUAL DE RISCO DE VIDA A 40% DA GUARDA MUNICIPAL.<\/p>\n<p>PUBLICADO EM 28 DE MAIO DE 2021.<\/p>\n<p>&nbsp;<\/p>\n<p>DISCUSS\u00c3O \u00daNICA DA INDICA\u00c7\u00c3O N\u00ba 229\/2021.<\/p>\n<p>AUTOR: VER; MARIO DO PEIXE<\/p>\n<p>INDICA AO PREFEITO MUNICIPAL, SEJA REALIZADA A DESOBSTRU\u00c7\u00c3O DA GALERIA NA RUA DO BOM JESUS, ENFRENTE A IGREJA BRASIL PARA CRISTO, POIS O ESGOTO ENCONTRA-SE A CEU ABERTO.<\/p>\n<p>PUBLICADO EM 28 DE MAIO DE 2021.<\/p>\n<p>&nbsp;<\/p>\n<p>DISCUSS\u00c3O \u00daNICA DA INDICA\u00c7\u00c3O N\u00ba 230\/2021.<\/p>\n<p>AUTOR: VER: ANDRE RABIC\u00d3.<\/p>\n<p>INDICA AO PREFEITO MUNICIPAL, A INSTALA\u00c7\u00c3O DE FAIXAS DE PEDESTRES, ENFRENTE A UNIDADE MISTA, ESCOLA HEROINAS DE TEJUCUPAPO E COSTA E SILVA EM TEJUCUPAPO.<\/p>\n<p>PUBLICADO EM 28 DE MAIO DE 2021.<\/p>\n<p>&nbsp;<\/p>\n<p>DISCUSS\u00c3O \u00daNICA DA INDICA\u00c7\u00c3O N\u00ba 231\/2021.<\/p>\n<p>AUTORA: VEREADORA: ANA DIAMANTE<\/p>\n<p>INDICA AO PREFEITO MUNICIPAL, A POSSIBILIDADE DE IMPLANTAR UMA BASE DO SAMU DESCENTRALIZADA, QUE FUNCIONAR\u00c1 COMO POSTO DE ATENDIMENTO AVAN\u00c7ADO DE AMBULANCIA E EQUIPE ASSISTENCIAISNO DISTRITO DE S\u00c3O LOUREN\u00c7O.<\/p>\n<p>PUBLICADO EM 28 DE MAIO DE 2021.<\/p>\n<p>&nbsp;<\/p>\n<p>DISCUSS\u00c3O \u00daNICA DA INDICA\u00c7\u00c3O N\u00ba 233\/2021.<\/p>\n<p>AUTOR: VER: CID DO CARANGUEJO.<\/p>\n<p>INDICA AO PREFEITO MUNICIPAL, A CONSTRU\u00c7\u00c3O DE UM CAL\u00c7AD\u00c3O PADRONIZADO NA ORLA MARITIMA DA PRAIA DE CARNE DE VACA.<\/p>\n<p>PUBLICADO EM 28 DE MAIO DE 2021.<\/p>\n","protected":false},"excerpt":{"rendered":"<p>REUNI\u00c3O ORDIN\u00c1RIA DO 1\u00ba ANO DA 18\u00ba LEGISLATURA DA C\u00c2MARA MUNICIPAL DE GOIANA, EM 03 DE JUNHO DE 2021. O R D E M\u00a0\u00a0\u00a0 D O\u00a0\u00a0\u00a0 D I A 1\u00aa DISCUSS\u00c3O DO PROJETO DE LEI N\u00ba 023\/2021. AUTOR: VER: RAMON ARAMHA DISP\u00d5E SOBRE A VISITA VIRTUAL, POR MEIO DE VIDEOCHAMADAS, DE FAMILIARES A PACIENTES INTERNADOS&hellip; <a class=\"more-link\" href=\"https:\/\/goiana.pe.leg.br\/portal\/?p=1134\">Continue lendo <span class=\"screen-reader-text\">Ordem do dia 03\/06\/2021<\/span><\/a><\/p>\n","protected":false},"author":3,"featured_media":0,"comment_status":"closed","ping_status":"closed","sticky":false,"template":"","format":"standard","meta":{"_monsterinsights_skip_tracking":false,"_monsterinsights_sitenote_active":false,"_monsterinsights_sitenote_note":"","_monsterinsights_sitenote_category":0,"footnotes":""},"categories":[12],"tags":[],"class_list":["post-1134","post","type-post","status-publish","format-standard","hentry","category-ordem-do-dia","entry"],"featured_image_urls":{"full":"","thumbnail":"","medium":"","medium_large":"","large":"","1536x1536":"","2048x2048":"","post-thumbnail":"","menu-24x24":"","menu-36x36":"","menu-48x48":""},"author_info":{"info":["admin"]},"category_info":"<a href=\"https:\/\/goiana.pe.leg.br\/portal\/?cat=12\" rel=\"category\">Ordem do Dia<\/a>","tag_info":"Ordem do Dia","comment_count":"0","_links":{"self":[{"href":"https:\/\/goiana.pe.leg.br\/portal\/index.php?rest_route=\/wp\/v2\/posts\/1134","targetHints":{"allow":["GET"]}}],"collection":[{"href":"https:\/\/goiana.pe.leg.br\/portal\/index.php?rest_route=\/wp\/v2\/posts"}],"about":[{"href":"https:\/\/goiana.pe.leg.br\/portal\/index.php?rest_route=\/wp\/v2\/types\/post"}],"author":[{"embeddable":true,"href":"https:\/\/goiana.pe.leg.br\/portal\/index.php?rest_route=\/wp\/v2\/users\/3"}],"replies":[{"embeddable":true,"href":"https:\/\/goiana.pe.leg.br\/portal\/index.php?rest_route=%2Fwp%2Fv2%2Fcomments&post=1134"}],"version-history":[{"count":0,"href":"https:\/\/goiana.pe.leg.br\/portal\/index.php?rest_route=\/wp\/v2\/posts\/1134\/revisions"}],"wp:attachment":[{"href":"https:\/\/goiana.pe.leg.br\/portal\/index.php?rest_route=%2Fwp%2Fv2%2Fmedia&parent=1134"}],"wp:term":[{"taxonomy":"category","embeddable":true,"href":"https:\/\/goiana.pe.leg.br\/portal\/index.php?rest_route=%2Fwp%2Fv2%2Fcategories&post=1134"},{"taxonomy":"post_tag","embeddable":true,"href":"https:\/\/goiana.pe.leg.br\/portal\/index.php?rest_route=%2Fwp%2Fv2%2Ftags&post=1134"}],"curies":[{"name":"wp","href":"https:\/\/api.w.org\/{rel}","templated":true}]}}