{"id":1621,"date":"2021-11-03T11:40:35","date_gmt":"2021-11-03T14:40:35","guid":{"rendered":"http:\/\/goiana.pe.leg.br\/?post_type=ordem-do-dia&amp;p=1621"},"modified":"2021-11-03T11:40:35","modified_gmt":"2021-11-03T14:40:35","slug":"ordem-do-dia-26-10-2021","status":"publish","type":"post","link":"https:\/\/goiana.pe.leg.br\/portal\/?p=1621","title":{"rendered":"Ordem do Dia \u2013 26\/10\/2021"},"content":{"rendered":"<p><strong>65\u00aa (SEXAG\u00c9SIMA QUINTA) REUNI\u00c3O ORDIN\u00c1RIA DO 1\u00ba ANO DA 18\u00aa LEGISLATURA DA C\u00c2MARA MUNICIPAL DE GOIANA, EM 26 DE OUTUBRO DE 2021<\/strong><\/p>\n<p>&nbsp;<\/p>\n<p style=\"text-align: center;\"><strong>O R D E M\u00a0\u00a0 D O\u00a0\u00a0 D I A<\/strong><\/p>\n<p>&nbsp;<\/p>\n<p><strong>2\u00aa DISCUSS\u00c3O DO PROJETO DE LEI N\u00ba 045\/2021<\/strong><\/p>\n<p><strong>AUTOR: VER. IBSON GOUVEIA<\/strong><\/p>\n<p>DISP\u00d5E SOBRE A OBRIGATORIEDADE DE AVALIA\u00c7\u00c3O OFTAMOL\u00d3GICA DOS ALUNOS DA REDE P\u00daBLICA MUNICPAL E O DEVIDO ENCAMINHAMENTO PARA O TRATAMENTO, CASO NECESS\u00c1RIO, E D\u00c1 OUTRAS PROVID\u00caNCIAS.<\/p>\n<p>PARECER FAVOR\u00c1VEL PUBLICADO EM 14 DE OUTUBRO DE 2021<\/p>\n<p><strong>DISCUSS\u00c3O \u00daNICA DO REQUERIMENTO N\u00ba 075\/2021<\/strong><\/p>\n<p><strong>AUTOR: VER. XANDE DA PRAIA<\/strong><\/p>\n<p>VOTO DE APLAUSOS AO SR. ABIMAEL RIBEIRO DE AMORIM, ADMINISTRADOR REGIONAL DE PONTA DE PEDRAS, PELO BRILHANTE TRABALHO \u00c0 FRENTE DESSE CARGO POR MUITOS ANOS.<\/p>\n<p>PUBLICADO EM 19 DE OUTUBRO DE 2021<\/p>\n<p><strong>DISCUSS\u00c3O \u00daNICA DO REQUERIMENTO N\u00ba 077\/2021<\/strong><\/p>\n<p><strong>AUTOR: VER. ALEXANDRE CARVALHO<\/strong><\/p>\n<p>VOTO DE PROFUNDO PESAR PELO FALECIMENTO DO SENHOR RICARDO DA COSTA SOARES, OCORRIDO NO DIA O2 DE SETEMBRO DE 2021, NA CIDADE DO RECIFE-PE.<\/p>\n<p>PUBLICADO EM 19 DE OUTUBRO DE 2021<\/p>\n<p><strong>DISCUSS\u00c3O \u00daNICA DO REQUERIMENTO N\u00ba 078\/2021<\/strong><\/p>\n<p><strong>AUTOR: VER. ANDRE RABIC\u00d3<\/strong><\/p>\n<p>VOTO DE APLAUSOS AO DEPUTADO FEDERAL ANDR\u00c9 FERREIRA (PSC-PE), PELA APROVA\u00c7\u00c3O DO PROJETO DE LEI N\u00ba 1106\/2020, DE SUA AUTORIA, J\u00c1 SANCIONADO TORNANDO LEI A INCLUS\u00c3O DAS FAM\u00cdLIAS CARENTES NO PROGRAMA DE TARIFA SOCIAL DA CONTA DE ENERGIA, MEDIDA QUE REDUZ EM ATE 65% AS CONTAS DE LUZ.<\/p>\n<p>PUBLICADO EM 19 DE OUTUBRO DE 2021<\/p>\n<p><strong>\u00a0<\/strong><strong>\u00a0<\/strong><\/p>\n<p><strong>DISCUSS\u00c3O \u00daNICA DO REQUERIMENTO N\u00ba 079\/2021.<\/strong><\/p>\n<p><strong>AUTOR: VER. CARLOS VIEGAS JUNIOR.<\/strong><\/p>\n<p>VOTO DE APLAUSO PARA O SIMUSS (SINDICATO MUNICIPAL DOS SERVIDORES DA SA\u00daDE) que com certeza, vai aproximar e fortalecer os servidores p\u00fablicos dos seus anseios e objetivos de valoriza\u00e7\u00e3o profissional para que possam prestar servi\u00e7os de mais qualidade para o povo de goiana.<\/p>\n<p><strong>PUBLICADO EM 22 DE OUTUBRO DE 2021.<\/strong><\/p>\n<p><strong>\u00a0<\/strong><\/p>\n<p><strong>DISCUSS\u00c3O \u00daNICA DA INDICA\u00c7\u00c3O N\u00ba 352\/2021<\/strong><\/p>\n<p><strong>AUTOR: VER. EDSON DA FARM\u00c1CIA<\/strong><\/p>\n<p>INDICA AO PREFEITO MUNICIPAL QUE, ATRAV\u00c9S DA SECRETARIA COMPETENTE, SEJA REALIZADA A CONSTRU\u00c7\u00c3O DE LOMBADAS, NA RUA ENGENHO GUTI\u00daBA, PR\u00d3XIMO \u00c0 BARBEARIA DE WELLINGTON, E TAMB\u00c9M EM FRENTE \u00c0 ESCOLA LOUREN\u00c7O GAD\u00caLHA, AMBAS AS ART\u00c9RIAS SITUADAS EM FLEXEIRAS.<\/p>\n<p>PUBLICADO EM 19 DE OUTUBRO DE 2021<\/p>\n<p>&nbsp;<\/p>\n<p>&nbsp;<\/p>\n","protected":false},"excerpt":{"rendered":"<p>65\u00aa (SEXAG\u00c9SIMA QUINTA) REUNI\u00c3O ORDIN\u00c1RIA DO 1\u00ba ANO DA 18\u00aa LEGISLATURA DA C\u00c2MARA MUNICIPAL DE GOIANA, EM 26 DE OUTUBRO DE 2021 &nbsp; O R D E M\u00a0\u00a0 D O\u00a0\u00a0 D I A &nbsp; 2\u00aa DISCUSS\u00c3O DO PROJETO DE LEI N\u00ba 045\/2021 AUTOR: VER. IBSON GOUVEIA DISP\u00d5E SOBRE A OBRIGATORIEDADE DE AVALIA\u00c7\u00c3O OFTAMOL\u00d3GICA DOS ALUNOS&hellip; <a class=\"more-link\" href=\"https:\/\/goiana.pe.leg.br\/portal\/?p=1621\">Continue lendo <span class=\"screen-reader-text\">Ordem do Dia \u2013 26\/10\/2021<\/span><\/a><\/p>\n","protected":false},"author":3,"featured_media":0,"comment_status":"closed","ping_status":"closed","sticky":false,"template":"","format":"standard","meta":{"_monsterinsights_skip_tracking":false,"_monsterinsights_sitenote_active":false,"_monsterinsights_sitenote_note":"","_monsterinsights_sitenote_category":0,"footnotes":""},"categories":[12],"tags":[],"class_list":["post-1621","post","type-post","status-publish","format-standard","hentry","category-ordem-do-dia","entry"],"featured_image_urls":{"full":"","thumbnail":"","medium":"","medium_large":"","large":"","1536x1536":"","2048x2048":"","post-thumbnail":"","menu-24x24":"","menu-36x36":"","menu-48x48":""},"author_info":{"info":["admin"]},"category_info":"<a href=\"https:\/\/goiana.pe.leg.br\/portal\/?cat=12\" rel=\"category\">Ordem do Dia<\/a>","tag_info":"Ordem do Dia","comment_count":"0","_links":{"self":[{"href":"https:\/\/goiana.pe.leg.br\/portal\/index.php?rest_route=\/wp\/v2\/posts\/1621","targetHints":{"allow":["GET"]}}],"collection":[{"href":"https:\/\/goiana.pe.leg.br\/portal\/index.php?rest_route=\/wp\/v2\/posts"}],"about":[{"href":"https:\/\/goiana.pe.leg.br\/portal\/index.php?rest_route=\/wp\/v2\/types\/post"}],"author":[{"embeddable":true,"href":"https:\/\/goiana.pe.leg.br\/portal\/index.php?rest_route=\/wp\/v2\/users\/3"}],"replies":[{"embeddable":true,"href":"https:\/\/goiana.pe.leg.br\/portal\/index.php?rest_route=%2Fwp%2Fv2%2Fcomments&post=1621"}],"version-history":[{"count":0,"href":"https:\/\/goiana.pe.leg.br\/portal\/index.php?rest_route=\/wp\/v2\/posts\/1621\/revisions"}],"wp:attachment":[{"href":"https:\/\/goiana.pe.leg.br\/portal\/index.php?rest_route=%2Fwp%2Fv2%2Fmedia&parent=1621"}],"wp:term":[{"taxonomy":"category","embeddable":true,"href":"https:\/\/goiana.pe.leg.br\/portal\/index.php?rest_route=%2Fwp%2Fv2%2Fcategories&post=1621"},{"taxonomy":"post_tag","embeddable":true,"href":"https:\/\/goiana.pe.leg.br\/portal\/index.php?rest_route=%2Fwp%2Fv2%2Ftags&post=1621"}],"curies":[{"name":"wp","href":"https:\/\/api.w.org\/{rel}","templated":true}]}}