{"id":1636,"date":"2021-11-17T10:50:55","date_gmt":"2021-11-17T13:50:55","guid":{"rendered":"http:\/\/goiana.pe.leg.br\/?post_type=ordem-do-dia&amp;p=1636"},"modified":"2021-11-17T10:50:55","modified_gmt":"2021-11-17T13:50:55","slug":"ordem-do-dia-11-11-2021","status":"publish","type":"post","link":"https:\/\/goiana.pe.leg.br\/portal\/?p=1636","title":{"rendered":"Ordem do Dia \u2013 11\/11\/2021"},"content":{"rendered":"<p><strong>70\u00aa (SEPTUAG\u00c9SIMA) REUNI\u00c3O ORDIN\u00c1RIA DO 1\u00ba ANO DA 18\u00aa LEGISLATURA DA C\u00c2MARA MUNICIPAL DE GOIANA, EM 11 DE NOVEMBRO DE 2021<\/strong><\/p>\n<p><strong>\u00a0<\/strong><\/p>\n<p style=\"text-align: center;\"><strong>O R D E M\u00a0\u00a0 D O\u00a0\u00a0 D I A<\/strong><\/p>\n<p><strong>\u00a0<\/strong><\/p>\n<p><strong>1\u00aa DISCUSS\u00c3O DO PROJETO DE DECRETO LEGISLATIVO N\u00ba 017\/2021<\/strong><\/p>\n<p><strong>AUTOR: VER. EDUARDO BATISTA<\/strong><\/p>\n<p>FICA OUTORGADO O T\u00cdTULO DE CIDADANIA HONOR\u00c1RIA DE GOIANA \u00c0 SENHORA ANDR\u00c9A RODRIGUES DA SILVEIRA.<\/p>\n<p>PARECER FAVOR\u00c1VEL DA COMISS\u00c3O DE CONSTITUI\u00c7\u00c3O, JUSTI\u00c7A E REDA\u00c7\u00c3O \u2013 PUBLICADO EM 10 DE NOVEMBRO DE 2021.<\/p>\n<p>&nbsp;<\/p>\n<p><strong>DISCUSS\u00c3O \u00daNICA DO REQUERIMENTO N\u00ba 085\/2021<\/strong><\/p>\n<p><strong>AUTOR: VER. RAMON ARANHA<\/strong><\/p>\n<p>REQUER AO PRESIDENTE DA C\u00c2MARA UMA AUDI\u00caNCIA P\u00daBLICA, NO DIA 29 DE NOVEMBRO, \u00c0S 19:00 HORAS, PARA DISCUTIR MELHORIAS E ADEQUA\u00c7\u00d5ES PARA O TRASPORTE P\u00daBLICO DE NOSSA CIDADE.<\/p>\n<p>PUBLICADO EM 09 DE NOVEMBRO DE 2021<\/p>\n<p>&nbsp;<\/p>\n<p><strong>DISCUSS\u00c3O \u00daNICA DO REQUERIMENTO N\u00ba 086\/2021<\/strong><\/p>\n<p><strong>AUTOR: VER. ALEXANDRE CARVALHO<\/strong><\/p>\n<p>VOTO DE APLAUSOS PARA O SENHOR CARLOS TORRES FILHO, PRESIDENTE DA AG\u00caNCIA DE DESENVOLVIMENTO DE GOIANA, PELOS RELEVANTES SERVI\u00c7OS PRESTADOS AO NOSSO MUNIC\u00cdPIO.<\/p>\n<p>PUBLICADO EM 10 DE NOVEMBRO DE 2021<\/p>\n<p>&nbsp;<\/p>\n<p><strong>DISCUSS\u00c3O \u00daNICA DO REQUERIMENTO N\u00ba 088\/2021<\/strong><\/p>\n<p><strong>AUTOR: VER. CARLOS VI\u00c9GAS J\u00daNIOR<\/strong><\/p>\n<p>VOTO DE APLAUSOS AO INTERNACIONAL RESTAURANTE BURACO DA GIA, PELA PASSAGEM DE SEUS 65 ANOS, POR SER UMA REFER\u00caNCIA DE RESTAURANTE, HONRANDO E DIVULGANDO A NOSSA CIDADE.<\/p>\n<p>PUBLICADO EM 09 DE NOVEMBRO DE 2021<\/p>\n<p>&nbsp;<\/p>\n<p><strong>DISCUSS\u00c3O \u00daNICA DA INDICA\u00c7\u00c3O N\u00ba 363\/2021<\/strong><\/p>\n<p><strong>AUTOR: VER: PEDRO HENRIQUE<\/strong><\/p>\n<p>INDICA AO PREFEITO MUNICIPAL QUE, ATRAV\u00c9S DA SECRETARIA COMPETENTE, VEJA A POSSIBILIDADE DE EXECUTAR A PAVIMENTA\u00c7\u00c3O DA RUA DO CHAFARIZ, LOCALIZADA NA COMUNIDADE DA COCOTA, NO DISTRITO DE PONTA DE PEDRAS, NESTE MUNIC\u00cdPIO.<\/p>\n<p>PUBLICADO EM 09 DE NOVEMBRO DE 2021<\/p>\n<p>&nbsp;<\/p>\n<p>&nbsp;<\/p>\n<p>&nbsp;<\/p>\n<p>&nbsp;<\/p>\n<p>&nbsp;<\/p>\n","protected":false},"excerpt":{"rendered":"<p>70\u00aa (SEPTUAG\u00c9SIMA) REUNI\u00c3O ORDIN\u00c1RIA DO 1\u00ba ANO DA 18\u00aa LEGISLATURA DA C\u00c2MARA MUNICIPAL DE GOIANA, EM 11 DE NOVEMBRO DE 2021 \u00a0 O R D E M\u00a0\u00a0 D O\u00a0\u00a0 D I A \u00a0 1\u00aa DISCUSS\u00c3O DO PROJETO DE DECRETO LEGISLATIVO N\u00ba 017\/2021 AUTOR: VER. EDUARDO BATISTA FICA OUTORGADO O T\u00cdTULO DE CIDADANIA HONOR\u00c1RIA DE GOIANA&hellip; <a class=\"more-link\" href=\"https:\/\/goiana.pe.leg.br\/portal\/?p=1636\">Continue lendo <span class=\"screen-reader-text\">Ordem do Dia \u2013 11\/11\/2021<\/span><\/a><\/p>\n","protected":false},"author":3,"featured_media":0,"comment_status":"closed","ping_status":"closed","sticky":false,"template":"","format":"standard","meta":{"_monsterinsights_skip_tracking":false,"_monsterinsights_sitenote_active":false,"_monsterinsights_sitenote_note":"","_monsterinsights_sitenote_category":0,"footnotes":""},"categories":[12],"tags":[],"class_list":["post-1636","post","type-post","status-publish","format-standard","hentry","category-ordem-do-dia","entry"],"featured_image_urls":{"full":"","thumbnail":"","medium":"","medium_large":"","large":"","1536x1536":"","2048x2048":"","post-thumbnail":"","menu-24x24":"","menu-36x36":"","menu-48x48":""},"author_info":{"info":["admin"]},"category_info":"<a href=\"https:\/\/goiana.pe.leg.br\/portal\/?cat=12\" rel=\"category\">Ordem do Dia<\/a>","tag_info":"Ordem do Dia","comment_count":"0","_links":{"self":[{"href":"https:\/\/goiana.pe.leg.br\/portal\/index.php?rest_route=\/wp\/v2\/posts\/1636","targetHints":{"allow":["GET"]}}],"collection":[{"href":"https:\/\/goiana.pe.leg.br\/portal\/index.php?rest_route=\/wp\/v2\/posts"}],"about":[{"href":"https:\/\/goiana.pe.leg.br\/portal\/index.php?rest_route=\/wp\/v2\/types\/post"}],"author":[{"embeddable":true,"href":"https:\/\/goiana.pe.leg.br\/portal\/index.php?rest_route=\/wp\/v2\/users\/3"}],"replies":[{"embeddable":true,"href":"https:\/\/goiana.pe.leg.br\/portal\/index.php?rest_route=%2Fwp%2Fv2%2Fcomments&post=1636"}],"version-history":[{"count":0,"href":"https:\/\/goiana.pe.leg.br\/portal\/index.php?rest_route=\/wp\/v2\/posts\/1636\/revisions"}],"wp:attachment":[{"href":"https:\/\/goiana.pe.leg.br\/portal\/index.php?rest_route=%2Fwp%2Fv2%2Fmedia&parent=1636"}],"wp:term":[{"taxonomy":"category","embeddable":true,"href":"https:\/\/goiana.pe.leg.br\/portal\/index.php?rest_route=%2Fwp%2Fv2%2Fcategories&post=1636"},{"taxonomy":"post_tag","embeddable":true,"href":"https:\/\/goiana.pe.leg.br\/portal\/index.php?rest_route=%2Fwp%2Fv2%2Ftags&post=1636"}],"curies":[{"name":"wp","href":"https:\/\/api.w.org\/{rel}","templated":true}]}}