{"id":1684,"date":"2021-11-25T10:06:51","date_gmt":"2021-11-25T13:06:51","guid":{"rendered":"https:\/\/goiana.pe.leg.br\/?post_type=ordem-do-dia&amp;p=1684"},"modified":"2021-11-25T10:06:51","modified_gmt":"2021-11-25T13:06:51","slug":"ordem-do-dia-25-11-2021","status":"publish","type":"post","link":"https:\/\/goiana.pe.leg.br\/portal\/?p=1684","title":{"rendered":"Ordem do Dia &#8211; 25\/11\/2021"},"content":{"rendered":"<p><img loading=\"lazy\" decoding=\"async\" class=\"alignnone size-medium wp-image-1676\" src=\"http:\/\/goiana.pe.leg.br\/wp-content\/uploads\/2021\/11\/LogoCMG1-300x169.jpeg\" alt=\"\" width=\"300\" height=\"169\" \/><\/p>\n<p class=\"s5\"><span class=\"s6\"><span class=\"bumpedFont15\">73\u00aa (SEPTUAG\u00c9SIMA TERCEIRA) REUNI\u00c3O ORDIN\u00c1RIA DO 1\u00ba ANO DA 18\u00aa LEGISLATURA DA C\u00c2MARA MUNICIPAL DE GOIANA, EM 25 DE NOVEMBRO DE 2021<\/span><\/span><\/p>\n<p class=\"s7\"><span class=\"s6\"><span class=\"bumpedFont15\">\u00a0 \u00a0 \u00a0 \u00a0 \u00a0<\/span><\/span><\/p>\n<p class=\"s7\"><span class=\"s6\"><span class=\"bumpedFont15\">\u00a0 \u00a0 \u00a0 <\/span><\/span><span class=\"s6\"><span class=\"bumpedFont15\">O R D E M \u00a0 D O \u00a0 D I A<\/span><\/span><\/p>\n<p class=\"s5\"><span class=\"s6\"><span class=\"bumpedFont15\">2\u00aa DISCUSS\u00c3O DO SUBSTITUTIVO AO PROJETO DE LEI N\u00ba 015\/2021<\/span><\/span><\/p>\n<p class=\"s5\"><span class=\"s6\"><span class=\"bumpedFont15\">AUTOR: COMISS\u00c3O DE CONSTITUI\u00c7\u00c3O, JUSTI\u00c7A E REDA\u00c7\u00c3O<\/span><\/span><\/p>\n<p class=\"s9\"><span class=\"s8\"><span class=\"bumpedFont15\">SUBSTITUI O PROJETO DE LEI N\u00ba 015\/2021, DE AUTORIA DO PODER EXECUTIVO MUNICIPAL, QUE \u201cFICA O CHEFE DO PODER EXECUTIVO, AUTORIZADO \u00c0 ABERTURA DE CR\u00c9DITO ADICIONAL SUPLEMENTAR PARA A PREFEITURA MUNICIPAL DE GOIANA E SEUS FUNDOS ESPECIAIS<\/span><\/span><span class=\"s8\"><span class=\"bumpedFont15\">,<\/span><\/span><span class=\"s8\"><span class=\"bumpedFont15\"> E D\u00c1 OUTRAS PROVID\u00caNCIAS<\/span><\/span><span class=\"s8\"><span class=\"bumpedFont15\">\u201d<\/span><\/span><span class=\"s8\"><span class=\"bumpedFont15\">.<\/span><\/span><\/p>\n<p class=\"s9\"><span class=\"s8\"><span class=\"bumpedFont15\">PUBLICADO EM 18 DE NOVEMBRO DE 2021<\/span><\/span><\/p>\n<p class=\"s5\"><span class=\"s6\"><span class=\"bumpedFont15\">2\u00aa <\/span><\/span><span class=\"s6\"><span class=\"bumpedFont15\">DISCUSS\u00c3O \u00a0DO<\/span><\/span><span class=\"s6\"><span class=\"bumpedFont15\"> REMANESCENTE DO PROJETO DE LEI N\u00ba 015\/2021<\/span><\/span><\/p>\n<p class=\"s5\"><span class=\"s6\"><span class=\"bumpedFont15\">AUTOR: PODER EXECUTIVO<\/span><\/span><\/p>\n<p class=\"s9\"><span class=\"s8\"><span class=\"bumpedFont15\">FICA O CHEFE DO PODER EXECUTIVO<\/span><\/span><span class=\"s8\"><span class=\"bumpedFont15\">AUTORIZADO \u00c0 ABERTURA DE CR\u00c9DITO ADICIONAL SUPLEMENTAR PARA A PREFEITURA MUNICIPAL DE GOIANA E SEUS FUNDOS ESPECIAIS<\/span><\/span><span class=\"s8\"><span class=\"bumpedFont15\">,<\/span><\/span><span class=\"s8\"><span class=\"bumpedFont15\"> E D\u00c1 OUTRAS PROVID\u00caNCIAS.<\/span><\/span><\/p>\n<p class=\"s9\"><span class=\"s8\"><span class=\"bumpedFont15\">PUBLICADO EM 18 DE NOVEMBRO DE 2021<\/span><\/span><\/p>\n<p class=\"s5\"><span class=\"s6\"><span class=\"bumpedFont15\">2\u00aa DISCUSS\u00c3O DO PROJETO DE LEI N\u00ba 052\/2021<\/span><\/span><\/p>\n<p class=\"s5\"><span class=\"s6\"><span class=\"bumpedFont15\">AUTOR: VER. M\u00c1RIO DO PEIXE<\/span><\/span><\/p>\n<p class=\"s9\"><span class=\"s8\"><span class=\"bumpedFont15\">DISP\u00d5E SOBRE A ISEN\u00c7\u00c3O DO PAGAMENTO DA CIP \u2013 CONTRIBUI\u00c7\u00c3O DE ILUMINA\u00c7\u00c3O P<\/span><\/span><span class=\"s8\"><span class=\"bumpedFont15\">\u00da<\/span><\/span><span class=\"s8\"><span class=\"bumpedFont15\">BLICA, AOS IDOSOS E APOSENTADOS, COM IDADE IGUAL OU SUPERIOR A 60 (SESSENTA) ANOS, NO \u00c2MBITO DO MUNIC<\/span><\/span><span class=\"s8\"><span class=\"bumpedFont15\">\u00cd<\/span><\/span><span class=\"s8\"><span class=\"bumpedFont15\">PIO DE GOIANA-PE<\/span><\/span><span class=\"s8\"><span class=\"bumpedFont15\">,<\/span><\/span><span class=\"s8\"><span class=\"bumpedFont15\"> E D\u00c1 OUTRAS PROVID\u00caNCIAS.<\/span><\/span><\/p>\n<p class=\"s5\"><span class=\"s6\"><span class=\"bumpedFont15\">DISCUSS\u00c3O \u00daNICA DO REQUERIMENTO N\u00ba 094\/2021<\/span><\/span><\/p>\n<p class=\"s5\"><span class=\"s6\"><span class=\"bumpedFont15\">AUTOR: VER. ALEXANDRE CARVALHO<\/span><\/span><\/p>\n<p class=\"s5\"><span class=\"s8\"><span class=\"bumpedFont15\">VOTO DE PROFUNDO PESAR PELO FALECIMENTO DO SENHOR HENRIQUE DERZ MORAES DE OLIVEIRA, OCORRIDO NO DIA 17 DE SETEMBRO DE <\/span><\/span><span class=\"s8\"><span class=\"bumpedFont15\">2021, \u00a0NA<\/span><\/span><span class=\"s8\"><span class=\"bumpedFont15\"> CIDADE DE JO\u00c3O PESSOA-PB.<\/span><\/span><\/p>\n<p class=\"s9\"><span class=\"s8\"><span class=\"bumpedFont15\">PUBLICADO EM 24 DE NOVEMBRO DE 2021<\/span><\/span><\/p>\n<p class=\"s5\"><span class=\"s6\"><span class=\"bumpedFont15\">DISCUSS\u00c3O \u00daNICA DA INDICA\u00c7\u00c3O N\u00ba 379\/2021<\/span><\/span><\/p>\n<p class=\"s5\"><span class=\"s6\"><span class=\"bumpedFont15\">AUTOR: VER. RAMOM ARANHA<\/span><\/span><\/p>\n<p class=\"s5\"><span class=\"s8\"><span class=\"bumpedFont15\">INDICA AO PREFEITO MUNICIPAL<\/span><\/span> <span class=\"s8\"><span class=\"bumpedFont15\">QUE SEJA RETOMADO O PROJETO A RUA \u00c9 NOSSA.<\/span><\/span><\/p>\n<p class=\"s9\"><span class=\"s8\"><span class=\"bumpedFont15\">PUBLICADO EM 24 DE NOVEMBRO DE 2021<\/span><\/span><\/p>\n<p class=\"s5\"><span class=\"s6\"><span class=\"bumpedFont15\">DISCUSS\u00c3O \u00daNICA DA INDICA\u00c7\u00c3O N\u00ba 380\/2021<\/span><\/span><\/p>\n<p class=\"s5\"><span class=\"s6\"><span class=\"bumpedFont15\">AUTOR: VER. ALEXANDRE CARVALHO<\/span><\/span><\/p>\n<p class=\"s5\"><span class=\"s8\"><span class=\"bumpedFont15\">INDICA AO PREFEITO MUNICIPAL A RESERVA DE UM ESPA\u00c7O PARA ARENA DE PR<\/span><\/span><span class=\"s8\"><span class=\"bumpedFont15\">\u00c1<\/span><\/span><span class=\"s8\"><span class=\"bumpedFont15\">TICA ESPORTIVA, NA PRAIA DE CARNE DE VACA.<\/span><\/span><\/p>\n<p class=\"s9\"><span class=\"s8\"><span class=\"bumpedFont15\">PUBLICADO EM 24 DE NOVEMBRO DE 2021<\/span><\/span><\/p>\n<p class=\"s5\"><span class=\"s6\"><span class=\"bumpedFont15\">DISCUSS\u00c3O \u00daNICA DA INDICA\u00c7\u00c3O N\u00ba 381\/2021<\/span><\/span><\/p>\n<p class=\"s5\"><span class=\"s6\"><span class=\"bumpedFont15\">AUTOR: VER. PEDRO HENRIQUE<\/span><\/span><\/p>\n<p class=\"s5\"><span class=\"s8\"><span class=\"bumpedFont15\">INDICA AO PREFEITO MUNICIPAL QUE VEJA A POSSIBILIDADE DE DESAPROPRIAR A \u00c1REA DA PEQUENA IGREJINHA DE SANTA CRUZ, LOCALIZADA NO DISTRITO DE PONTA DE PEDRAS.<\/span><\/span><\/p>\n<p class=\"s5\"><span class=\"s8\"><span class=\"bumpedFont15\">PUBLICADO EM 24 DE NOVEMBRO DE 2021<\/span><\/span><\/p>\n","protected":false},"excerpt":{"rendered":"<p>73\u00aa (SEPTUAG\u00c9SIMA TERCEIRA) REUNI\u00c3O ORDIN\u00c1RIA DO 1\u00ba ANO DA 18\u00aa LEGISLATURA DA C\u00c2MARA MUNICIPAL DE GOIANA, EM 25 DE NOVEMBRO DE 2021 \u00a0 \u00a0 \u00a0 \u00a0 \u00a0 \u00a0 \u00a0 \u00a0 O R D E M \u00a0 D O \u00a0 D I A 2\u00aa DISCUSS\u00c3O DO SUBSTITUTIVO AO PROJETO DE LEI N\u00ba 015\/2021 AUTOR: COMISS\u00c3O DE&hellip; <a class=\"more-link\" href=\"https:\/\/goiana.pe.leg.br\/portal\/?p=1684\">Continue lendo <span class=\"screen-reader-text\">Ordem do Dia &#8211; 25\/11\/2021<\/span><\/a><\/p>\n","protected":false},"author":3,"featured_media":0,"comment_status":"closed","ping_status":"closed","sticky":false,"template":"","format":"standard","meta":{"_monsterinsights_skip_tracking":false,"_monsterinsights_sitenote_active":false,"_monsterinsights_sitenote_note":"","_monsterinsights_sitenote_category":0,"footnotes":""},"categories":[12],"tags":[],"class_list":["post-1684","post","type-post","status-publish","format-standard","hentry","category-ordem-do-dia","entry"],"featured_image_urls":{"full":"","thumbnail":"","medium":"","medium_large":"","large":"","1536x1536":"","2048x2048":"","post-thumbnail":"","menu-24x24":"","menu-36x36":"","menu-48x48":""},"author_info":{"info":["admin"]},"category_info":"<a href=\"https:\/\/goiana.pe.leg.br\/portal\/?cat=12\" rel=\"category\">Ordem do Dia<\/a>","tag_info":"Ordem do Dia","comment_count":"0","_links":{"self":[{"href":"https:\/\/goiana.pe.leg.br\/portal\/index.php?rest_route=\/wp\/v2\/posts\/1684","targetHints":{"allow":["GET"]}}],"collection":[{"href":"https:\/\/goiana.pe.leg.br\/portal\/index.php?rest_route=\/wp\/v2\/posts"}],"about":[{"href":"https:\/\/goiana.pe.leg.br\/portal\/index.php?rest_route=\/wp\/v2\/types\/post"}],"author":[{"embeddable":true,"href":"https:\/\/goiana.pe.leg.br\/portal\/index.php?rest_route=\/wp\/v2\/users\/3"}],"replies":[{"embeddable":true,"href":"https:\/\/goiana.pe.leg.br\/portal\/index.php?rest_route=%2Fwp%2Fv2%2Fcomments&post=1684"}],"version-history":[{"count":0,"href":"https:\/\/goiana.pe.leg.br\/portal\/index.php?rest_route=\/wp\/v2\/posts\/1684\/revisions"}],"wp:attachment":[{"href":"https:\/\/goiana.pe.leg.br\/portal\/index.php?rest_route=%2Fwp%2Fv2%2Fmedia&parent=1684"}],"wp:term":[{"taxonomy":"category","embeddable":true,"href":"https:\/\/goiana.pe.leg.br\/portal\/index.php?rest_route=%2Fwp%2Fv2%2Fcategories&post=1684"},{"taxonomy":"post_tag","embeddable":true,"href":"https:\/\/goiana.pe.leg.br\/portal\/index.php?rest_route=%2Fwp%2Fv2%2Ftags&post=1684"}],"curies":[{"name":"wp","href":"https:\/\/api.w.org\/{rel}","templated":true}]}}