{"id":1689,"date":"2021-01-27T20:29:52","date_gmt":"2021-01-27T23:29:52","guid":{"rendered":"http:\/\/goiana.pe.leg.br\/?post_type=informativo&amp;p=267"},"modified":"2021-01-27T20:29:52","modified_gmt":"2021-01-27T23:29:52","slug":"edital-de-convocacao-do-ano-legislativo-2021","status":"publish","type":"post","link":"https:\/\/goiana.pe.leg.br\/portal\/?p=1689","title":{"rendered":"Edital de Convoca\u00e7\u00e3o do ano Legislativo 2021."},"content":{"rendered":"<p><strong>Edital de Convoca\u00e7\u00e3o do ano Legislativo 2021.<\/strong><\/p>\n<p>&nbsp;<\/p>\n<p>O PRESIDENTE DA C\u00c2MARA MUNICIPAL DE GOIANA, ESTADO DE PERNAMBUCO convoca Sess\u00e3o Solene para instala\u00e7\u00e3o do Ano Legislativo Ordin\u00e1rio da 18\u00ba (d\u00e9cima oitava)), Legislatura<br \/>\nda C\u00e2mara Municipal de Goiana, a ser realizada no dia 02 de fevereiro \u00e0s 19:30, no Plen\u00e1rio da Casa Jos\u00e9 Pinto de Abreu.<\/p>\n<p>O PRESIDENTE DA C\u00c2MARA MUNICIPAL DE GOIANA, ESTADO DE PERNAMBUCO, no uso de suas atribui\u00e7\u00f5es legais, com espeque nos artigos 12, \u00a71\u00b0, da Lei Org\u00e2nica Municipal, com as altera\u00e7\u00f5es posteriores ao caput do citado artigo, e nos artigos 10, inciso I, considerando o que determina o art.246, da Resolu\u00e7\u00e3o 1.566, de 30 de dezembro de 1992 (Regimento Interno), faz saber, a quem interessar possa , que fica convocado uma Sess\u00e3o Solene para instala\u00e7\u00e3o do Ano Legislativo Ordin\u00e1rio da 18\u00ba (d\u00e9cima oitava)), Legislatura da C\u00e2mara Municipal de Goiana, a ser realizada no dia 02 de fevereiro \u00e0s 19:30, no Plen\u00e1rio da Casa Jos\u00e9 Pinto de Abreu.<br \/>\nAv. Marechal Deodoro da Fonseca, 115 \u2013 Goiana PE.<br \/>\nFicando desde j\u00e1, os senhores Vereadores,devidamente notificados.<\/p>\n<p><img loading=\"lazy\" decoding=\"async\" class=\"alignnone wp-image-268\" src=\"http:\/\/goiana.pe.leg.br\/wp-content\/uploads\/2021\/02\/informativo-300x188.png\" alt=\"\" width=\"535\" height=\"335\" \/><\/p>\n","protected":false},"excerpt":{"rendered":"<p>Edital de Convoca\u00e7\u00e3o do ano Legislativo 2021. &nbsp; O PRESIDENTE DA C\u00c2MARA MUNICIPAL DE GOIANA, ESTADO DE PERNAMBUCO convoca Sess\u00e3o Solene para instala\u00e7\u00e3o do Ano Legislativo Ordin\u00e1rio da 18\u00ba (d\u00e9cima oitava)), Legislatura da C\u00e2mara Municipal de Goiana, a ser realizada no dia 02 de fevereiro \u00e0s 19:30, no Plen\u00e1rio da Casa Jos\u00e9 Pinto de Abreu.&hellip; <a class=\"more-link\" href=\"https:\/\/goiana.pe.leg.br\/portal\/?p=1689\">Continue lendo <span class=\"screen-reader-text\">Edital de Convoca\u00e7\u00e3o do ano Legislativo 2021.<\/span><\/a><\/p>\n","protected":false},"author":3,"featured_media":268,"comment_status":"closed","ping_status":"closed","sticky":false,"template":"","format":"standard","meta":{"_monsterinsights_skip_tracking":false,"_monsterinsights_sitenote_active":false,"_monsterinsights_sitenote_note":"","_monsterinsights_sitenote_category":0,"footnotes":""},"categories":[15,16],"tags":[],"class_list":["post-1689","post","type-post","status-publish","format-standard","has-post-thumbnail","hentry","category-destaque","category-resumo","entry"],"featured_image_urls":{"full":["https:\/\/goiana.pe.leg.br\/portal\/wp-content\/uploads\/2021\/02\/informativo.png",0,0,false],"thumbnail":["https:\/\/goiana.pe.leg.br\/portal\/wp-content\/uploads\/2021\/02\/informativo.png",1,1,false],"medium":["https:\/\/goiana.pe.leg.br\/portal\/wp-content\/uploads\/2021\/02\/informativo.png",1,1,false],"medium_large":["https:\/\/goiana.pe.leg.br\/portal\/wp-content\/uploads\/2021\/02\/informativo.png",1,1,false],"large":["https:\/\/goiana.pe.leg.br\/portal\/wp-content\/uploads\/2021\/02\/informativo.png",1,1,false],"1536x1536":["https:\/\/goiana.pe.leg.br\/portal\/wp-content\/uploads\/2021\/02\/informativo.png",1,1,false],"2048x2048":["https:\/\/goiana.pe.leg.br\/portal\/wp-content\/uploads\/2021\/02\/informativo.png",1,1,false],"post-thumbnail":["https:\/\/goiana.pe.leg.br\/portal\/wp-content\/uploads\/2021\/02\/informativo.png",1,1,false],"menu-24x24":["https:\/\/goiana.pe.leg.br\/portal\/wp-content\/uploads\/2021\/02\/informativo.png",1,1,false],"menu-36x36":["https:\/\/goiana.pe.leg.br\/portal\/wp-content\/uploads\/2021\/02\/informativo.png",1,1,false],"menu-48x48":["https:\/\/goiana.pe.leg.br\/portal\/wp-content\/uploads\/2021\/02\/informativo.png",1,1,false]},"author_info":{"info":["admin"]},"category_info":"<a href=\"https:\/\/goiana.pe.leg.br\/portal\/?cat=15\" rel=\"category\">Destaque<\/a> <a href=\"https:\/\/goiana.pe.leg.br\/portal\/?cat=16\" rel=\"category\">Resumo<\/a>","tag_info":"Resumo","comment_count":"0","_links":{"self":[{"href":"https:\/\/goiana.pe.leg.br\/portal\/index.php?rest_route=\/wp\/v2\/posts\/1689","targetHints":{"allow":["GET"]}}],"collection":[{"href":"https:\/\/goiana.pe.leg.br\/portal\/index.php?rest_route=\/wp\/v2\/posts"}],"about":[{"href":"https:\/\/goiana.pe.leg.br\/portal\/index.php?rest_route=\/wp\/v2\/types\/post"}],"author":[{"embeddable":true,"href":"https:\/\/goiana.pe.leg.br\/portal\/index.php?rest_route=\/wp\/v2\/users\/3"}],"replies":[{"embeddable":true,"href":"https:\/\/goiana.pe.leg.br\/portal\/index.php?rest_route=%2Fwp%2Fv2%2Fcomments&post=1689"}],"version-history":[{"count":0,"href":"https:\/\/goiana.pe.leg.br\/portal\/index.php?rest_route=\/wp\/v2\/posts\/1689\/revisions"}],"wp:featuredmedia":[{"embeddable":true,"href":"https:\/\/goiana.pe.leg.br\/portal\/index.php?rest_route=\/wp\/v2\/media\/268"}],"wp:attachment":[{"href":"https:\/\/goiana.pe.leg.br\/portal\/index.php?rest_route=%2Fwp%2Fv2%2Fmedia&parent=1689"}],"wp:term":[{"taxonomy":"category","embeddable":true,"href":"https:\/\/goiana.pe.leg.br\/portal\/index.php?rest_route=%2Fwp%2Fv2%2Fcategories&post=1689"},{"taxonomy":"post_tag","embeddable":true,"href":"https:\/\/goiana.pe.leg.br\/portal\/index.php?rest_route=%2Fwp%2Fv2%2Ftags&post=1689"}],"curies":[{"name":"wp","href":"https:\/\/api.w.org\/{rel}","templated":true}]}}