{"id":1712,"date":"2021-11-30T10:10:39","date_gmt":"2021-11-30T13:10:39","guid":{"rendered":"https:\/\/goiana.pe.leg.br\/?post_type=ordem-do-dia&amp;p=1712"},"modified":"2021-11-30T10:10:39","modified_gmt":"2021-11-30T13:10:39","slug":"ordem-do-dia-31-11-2021","status":"publish","type":"post","link":"https:\/\/goiana.pe.leg.br\/portal\/?p=1712","title":{"rendered":"Ordem do Dia &#8211; 31\/11\/2021"},"content":{"rendered":"<p><img loading=\"lazy\" decoding=\"async\" class=\"alignnone size-medium wp-image-1676\" src=\"http:\/\/goiana.pe.leg.br\/wp-content\/uploads\/2021\/11\/LogoCMG1-300x169.jpeg\" alt=\"\" width=\"300\" height=\"169\" \/><\/p>\n<p class=\"s5\"><span class=\"s6\"><span class=\"bumpedFont15\">74\u00aa (SEPTUAG\u00c9SIMA QUARTA) REUNI\u00c3O ORDIN\u00c1RIA DO 1\u00ba ANO DA 18\u00aa LEGISLATURA DA C\u00c2MARA MUNICIPAL DE GOIANA, EM <\/span><\/span><span class=\"s6\"><span class=\"bumpedFont15\">30 \u00a0DE<\/span><\/span><span class=\"s6\"><span class=\"bumpedFont15\"> NOVEMBRO DE 2021<\/span><\/span><\/p>\n<p class=\"s8\"><span class=\"s6\"><span class=\"bumpedFont15\">\u00a0 \u00a0 \u00a0 \u00a0 \u00a0 \u00a0 \u00a0 \u00a0 \u00a0 \u00a0 \u00a0 \u00a0 \u00a0 \u00a0 \u00a0 \u00a0 \u00a0 \u00a0 \u00a0 \u00a0 \u00a0 \u00a0 \u00a0 \u00a0 \u00a0 \u00a0<\/span><\/span><span class=\"s6\"><span class=\"bumpedFont15\">O R D E M \u00a0 D O \u00a0 D I A<\/span><\/span><\/p>\n<p class=\"s5\"><span class=\"s6\"><span class=\"bumpedFont15\">1\u00aa DISCUSS\u00c3O DO SUBSTITUTIVO AO PROJETO DE LEI N\u00ba 011\/2021<\/span><\/span><\/p>\n<p class=\"s5\"><span class=\"s6\"><span class=\"bumpedFont15\">AUTOR: COMISS\u00c3O DE CONSTITUI\u00c7\u00c3O, JUSTI\u00c7A E REDA\u00c7\u00c3O<\/span><\/span><\/p>\n<p class=\"s5\"><span class=\"s9\"><span class=\"bumpedFont15\">SUBSTITUI O PROJETO DE LEI N\u00ba 011\/2021, QUE DISP\u00d5E SOBRE O PLANO DO PROJETO DE LEI PLURIANUAL PARA O PERIODO 2022-2025.<\/span><\/span><\/p>\n<p class=\"s10\"><span class=\"s9\"><span class=\"bumpedFont15\">PUBLICADO EM 18 DE NOVEMBRO DE 2021<\/span><\/span><\/p>\n<p class=\"s5\"><span class=\"s6\"><span class=\"bumpedFont15\">1\u00aa DISCUSS\u00c3O DO PROJETO DE LEI N\u00ba 011\/2021<\/span><\/span><\/p>\n<p class=\"s5\"><span class=\"s6\"><span class=\"bumpedFont15\">AUTOR: CHEFE DO EXECUTIVO MUNICIPAL<\/span><\/span><\/p>\n<p class=\"s10\"><span class=\"s9\"><span class=\"bumpedFont15\">DISP<\/span><\/span><span class=\"s9\"><span class=\"bumpedFont15\">\u00d5<\/span><\/span><span class=\"s9\"><span class=\"bumpedFont15\">E SOBRE O PLANO PLURIANUAL PARA O PER<\/span><\/span><span class=\"s9\"><span class=\"bumpedFont15\">\u00cd<\/span><\/span><span class=\"s9\"><span class=\"bumpedFont15\">ODO DE 2022-2025<\/span><\/span><span class=\"s9\"><span class=\"bumpedFont15\"> E D\u00c1 OUTRAS PROVID\u00caNCIAS<\/span><\/span><span class=\"s9\"><span class=\"bumpedFont15\">.<\/span><\/span><\/p>\n<p class=\"s10\"><span class=\"s9\"><span class=\"bumpedFont15\">PARECER<\/span><\/span><span class=\"s9\"><span class=\"bumpedFont15\">ES<\/span><\/span><span class=\"s9\"><span class=\"bumpedFont15\"> FAVOR<\/span><\/span><span class=\"s9\"><span class=\"bumpedFont15\">\u00c1VEIS<\/span><\/span><span class=\"s9\"><span class=\"bumpedFont15\"> DA COMISS\u00c3O DE CONSTITUI\u00c7\u00c3O<\/span><\/span><span class=\"s9\"><span class=\"bumpedFont15\">,<\/span><\/span><span class=\"s9\"><span class=\"bumpedFont15\"> JUSTI\u00c7A E REDA\u00c7\u00c3O E DA COMISS\u00c3O DE FINAN\u00c7AS<\/span><\/span><span class=\"s9\"><span class=\"bumpedFont15\">,<\/span><\/span><span class=\"s9\"><span class=\"bumpedFont15\"> OR\u00c7AMENTO E FISCALIZA\u00c7\u00c3O<\/span><\/span><span class=\"s9\"><span class=\"bumpedFont15\">.<\/span><\/span><\/p>\n<p class=\"s10\"><span class=\"s9\"><span class=\"bumpedFont15\">PUBLICADO <\/span><\/span><span class=\"s9\"><span class=\"bumpedFont15\">EM 18 DE NOVEMBRO DE 2021<\/span><\/span><\/p>\n<p class=\"s5\"><a name=\"_Hlk89073663\"><\/a><a name=\"_Hlk89074982\"><\/a><\/p>\n<p class=\"s5\"><span class=\"s6\"><span class=\"bumpedFont15\">1\u00ba DISCUSS\u00c3O DO REMANESCENTE \u2013 ANEXOS DO PROJETO DE LEI N\u00ba 011\/2021<\/span><\/span><\/p>\n<p class=\"s5\"><span class=\"s6\"><span class=\"bumpedFont15\">AUTOR: CHEFE DO EXECUTIVO MUNICIPAL<\/span><\/span><\/p>\n<p class=\"s5\"><span class=\"s9\"><span class=\"bumpedFont15\">DISP<\/span><\/span><span class=\"s9\"><span class=\"bumpedFont15\">\u00d5<\/span><\/span><span class=\"s9\"><span class=\"bumpedFont15\">E SOBRE OS ANEXOS DA ORIGINAL DO PROJETO DE LEI N\u00ba 011\/2021<\/span><\/span><\/p>\n<p class=\"s10\"><span class=\"s9\"><span class=\"bumpedFont15\">PARECER<\/span><\/span><span class=\"s9\"><span class=\"bumpedFont15\">ES<\/span><\/span><span class=\"s9\"><span class=\"bumpedFont15\"> FAVOR<\/span><\/span><span class=\"s9\"><span class=\"bumpedFont15\">\u00c1VEIS<\/span><\/span><span class=\"s9\"><span class=\"bumpedFont15\"> DA COMISS\u00c3O DE CONSTITUI\u00c7\u00c3O<\/span><\/span><span class=\"s9\"><span class=\"bumpedFont15\">,<\/span><\/span><span class=\"s9\"><span class=\"bumpedFont15\"> JUSTI\u00c7A E REDA\u00c7\u00c3O E DA COMISS\u00c3O DE FINAN\u00c7AS<\/span><\/span><span class=\"s9\"><span class=\"bumpedFont15\">,<\/span><\/span><span class=\"s9\"><span class=\"bumpedFont15\"> OR\u00c7AMENTO E FISCALIZA\u00c7\u00c3O<\/span><\/span><span class=\"s9\"><span class=\"bumpedFont15\">.<\/span><\/span><\/p>\n<p class=\"s10\"><span class=\"s9\"><span class=\"bumpedFont15\">PUBLICADO EM 18 DE NOVEMBRO DE 2021<\/span><\/span><\/p>\n<p class=\"s5\"><span class=\"s6\"><span class=\"bumpedFont15\">1\u00aa DISCUSS\u00c3O DO SUBSTITUTIVO AO PROJETO DE LEI N\u00ba 012\/2021<\/span><\/span><\/p>\n<p class=\"s5\"><span class=\"s6\"><span class=\"bumpedFont15\">AUTOR: COMISS\u00c3O DE CONSTITUI\u00c7\u00c3O JUSTI\u00c7A E REDA\u00c7\u00c3O<\/span><\/span><\/p>\n<p class=\"s5\"><span class=\"s9\"><span class=\"bumpedFont15\">SUBSTITUI O PROJETO DE LEI N\u00ba 012\/2021, QUE ESTIMA A RECEITA E FIXA A DESPESA SOBRE A LEI OR\u00c7AMENT<\/span><\/span><span class=\"s9\"><span class=\"bumpedFont15\">\u00c1<\/span><\/span><span class=\"s9\"><span class=\"bumpedFont15\">RIA PARA O EXERCICIO DE 2022 E D\u00c1 OUTRAS PROVID<\/span><\/span><span class=\"s9\"><span class=\"bumpedFont15\">\u00ca<\/span><\/span><span class=\"s9\"><span class=\"bumpedFont15\">NCIAS.<\/span><\/span><\/p>\n<p class=\"s10\"><span class=\"s9\"><span class=\"bumpedFont15\">PARECER FAVOR<\/span><\/span><span class=\"s9\"><span class=\"bumpedFont15\">\u00c1<\/span><\/span><span class=\"s9\"><span class=\"bumpedFont15\">VEL PUBLICADO EM 18 DE NOVEMBRO DE 2021<\/span><\/span><\/p>\n<p class=\"s5\"><span class=\"s6\"><span class=\"bumpedFont15\">1\u00ba DISCUSS\u00c3O DO PROJETO DE LEI N\u00ba 012\/2021<\/span><\/span><\/p>\n<p class=\"s5\"><span class=\"s6\"><span class=\"bumpedFont15\">AUTOR: CHEFE DO EXECUTIVO MUNICIPAL<\/span><\/span><\/p>\n<p class=\"s8\"><span class=\"s9\"><span class=\"bumpedFont15\">ESTIMA A RECEITA E FIXA A DESPESA SOBRE A LEI OR\u00c7AMENT<\/span><\/span><span class=\"s9\"><span class=\"bumpedFont15\">\u00c1<\/span><\/span><span class=\"s9\"><span class=\"bumpedFont15\">RIA PARA O EXERC<\/span><\/span><span class=\"s9\"><span class=\"bumpedFont15\">\u00cd<\/span><\/span><span class=\"s9\"><span class=\"bumpedFont15\">CIO DE 2022 E D\u00c1 OUTRAS PROVID<\/span><\/span><span class=\"s9\"><span class=\"bumpedFont15\">\u00ca<\/span><\/span><span class=\"s9\"><span class=\"bumpedFont15\">NCIAS \u2013 LOA<\/span><\/span><\/p>\n<p class=\"s11\"><a name=\"_Hlk89076334\"><\/a><span class=\"s9\"><span class=\"bumpedFont15\">PARECER<\/span><\/span><span class=\"s9\"><span class=\"bumpedFont15\">ES<\/span><\/span><span class=\"s9\"><span class=\"bumpedFont15\"> FAVOR<\/span><\/span><span class=\"s9\"><span class=\"bumpedFont15\">\u00c1VE<\/span><\/span><span class=\"s9\"><span class=\"bumpedFont15\">IS<\/span><\/span><span class=\"s9\"><span class=\"bumpedFont15\"> DA COMISS\u00c3O DE CONSTITUI\u00c7\u00c3O<\/span><\/span><span class=\"s9\"><span class=\"bumpedFont15\">,<\/span><\/span><span class=\"s9\"><span class=\"bumpedFont15\"> JUSTI\u00c7A E REDA\u00c7\u00c3O E DA COMISS\u00c3O DE FINAN\u00c7AS<\/span><\/span><span class=\"s9\"><span class=\"bumpedFont15\">,<\/span><\/span><span class=\"s9\"><span class=\"bumpedFont15\"> OR\u00c7AMENTO E FISCALIZA\u00c7\u00c3O<\/span><\/span><\/p>\n<p class=\"s11\"><span class=\"s9\"><span class=\"bumpedFont15\">PUBLICADO EM 18 DE NOVEMBRO DE 2021<\/span><\/span><\/p>\n<p class=\"s5\"><span class=\"s6\"><span class=\"bumpedFont15\">1\u00ba DISCUSS\u00c3O DO REMANESCENTE \u2013 ANEXOS DO PROJETO DE LEI N\u00ba 012\/2021<\/span><\/span><\/p>\n<p class=\"s5\"><span class=\"s6\"><span class=\"bumpedFont15\">AUTOR: CHEFE DO EXECUTIVO MUNICIPAL<\/span><\/span><\/p>\n<p class=\"s5\"><span class=\"s9\"><span class=\"bumpedFont15\">ESTIMA A RECEITA E FIXA A DESPESA SOBRE A LEI OR\u00c7AMENT<\/span><\/span><span class=\"s9\"><span class=\"bumpedFont15\">\u00c1<\/span><\/span><span class=\"s9\"><span class=\"bumpedFont15\">RIA PARA O EXERC<\/span><\/span><span class=\"s9\"><span class=\"bumpedFont15\">\u00cd<\/span><\/span><span class=\"s9\"><span class=\"bumpedFont15\">CIO DE 2022 E D\u00c1 OUTRAS PROVID<\/span><\/span><span class=\"s9\"><span class=\"bumpedFont15\">\u00ca<\/span><\/span><span class=\"s9\"><span class=\"bumpedFont15\">NCIAS.<\/span><\/span><\/p>\n<p class=\"s10\"><span class=\"s9\"><span class=\"bumpedFont15\">PUBLICADO EM 18 DE NOVEMBRO DE 2021<\/span><\/span><\/p>\n<p class=\"s12\"><span class=\"s6\"><span class=\"bumpedFont15\">1<\/span><\/span><span class=\"s6\"><span class=\"bumpedFont15\">\u00aa<\/span><\/span><span class=\"s6\"><span class=\"bumpedFont15\"> DISCUSS\u00c3O DO PROJETO DE LEI N\u00ba 036\/2021<\/span><\/span><\/p>\n<p class=\"s12\"><span class=\"s6\"><span class=\"bumpedFont15\">AUTOR: VER. RAMON ARANHA<\/span><\/span><\/p>\n<p class=\"s5\"><span class=\"s9\"><span class=\"bumpedFont15\">DISP\u00d5E SOBRE <\/span><\/span><span class=\"s9\"><span class=\"bumpedFont15\">CONCESS\u00c3O DE ATENDIMENTO PREFERENCIAL PARA DOADORES DE SANGUE EM BANCOS E <\/span><\/span><span class=\"s9\"><span class=\"bumpedFont15\">NO <\/span><\/span><span class=\"s9\"><span class=\"bumpedFont15\">COM<\/span><\/span><span class=\"s9\"><span class=\"bumpedFont15\">\u00c9<\/span><\/span><span class=\"s9\"><span class=\"bumpedFont15\">RCIO DO MUNIC<\/span><\/span><span class=\"s9\"><span class=\"bumpedFont15\">\u00cd<\/span><\/span><span class=\"s9\"><span class=\"bumpedFont15\">PIO DE GOIANA.<\/span><\/span><\/p>\n<p class=\"s10\"><span class=\"s9\"><span class=\"bumpedFont15\">PARECER DA FAVOR<\/span><\/span><span class=\"s9\"><span class=\"bumpedFont15\">\u00c1<\/span><\/span><span class=\"s9\"><span class=\"bumpedFont15\">VEL DA COMISS\u00c3O DE CONSTITUI\u00c7\u00c3O<\/span><\/span><span class=\"s9\"><span class=\"bumpedFont15\">,<\/span><\/span><span class=\"s9\"><span class=\"bumpedFont15\"> JUSTI\u00c7A E REDA\u00c7\u00c3O PUBLICADO EM 24 DE NOVEMBRO DE 2021<\/span><\/span><\/p>\n<p class=\"s12\"><span class=\"s6\"><span class=\"bumpedFont15\">1<\/span><\/span><span class=\"s6\"><span class=\"bumpedFont15\">\u00aa<\/span><\/span><span class=\"s6\"><span class=\"bumpedFont15\"> DISCUSS\u00c3O DO PROJETO DE LEI N\u00ba 043\/2021<\/span><\/span><\/p>\n<p class=\"s12\"><span class=\"s6\"><span class=\"bumpedFont15\">AUTOR: VER. IBSO<\/span><\/span><span class=\"s6\"><span class=\"bumpedFont15\">N<\/span><\/span><span class=\"s6\"><span class=\"bumpedFont15\"> GOUVEIA<\/span><\/span><\/p>\n<p class=\"s5\"><span class=\"s9\"><span class=\"bumpedFont15\">DISP\u00d5E SOBRE A OBRIGATORIEDADE DE AVALIA\u00c7\u00c3O DENT\u00c1RIA DOS ALUNOS DA REDE P<\/span><\/span><span class=\"s9\"><span class=\"bumpedFont15\">\u00da<\/span><\/span><span class=\"s9\"><span class=\"bumpedFont15\">BLICA MUNICIPAL E O DEVIDO ENCAMINHAMENTO PARA O TRATAMENTO<\/span><\/span><span class=\"s9\"><span class=\"bumpedFont15\">,<\/span><\/span><span class=\"s9\"><span class=\"bumpedFont15\">CASO NECESS<\/span><\/span><span class=\"s9\"><span class=\"bumpedFont15\">\u00c1<\/span><\/span><span class=\"s9\"><span class=\"bumpedFont15\">RIO<\/span><\/span><span class=\"s9\"><span class=\"bumpedFont15\">,<\/span><\/span><span class=\"s9\"><span class=\"bumpedFont15\"> E D\u00c1 OUTRAS PROVID<\/span><\/span><span class=\"s9\"><span class=\"bumpedFont15\">\u00ca<\/span><\/span><span class=\"s9\"><span class=\"bumpedFont15\">NCIAS.<\/span><\/span><\/p>\n<p class=\"s10\"><a name=\"_Hlk88583244\"><\/a><span class=\"s9\"><span class=\"bumpedFont15\">PARECERES FAVOR<\/span><\/span><span class=\"s9\"><span class=\"bumpedFont15\">\u00c1<\/span><\/span><span class=\"s9\"><span class=\"bumpedFont15\">VE<\/span><\/span><span class=\"s9\"><span class=\"bumpedFont15\">IS<\/span><\/span><span class=\"s9\"><span class=\"bumpedFont15\"> DA COMISS\u00c3O DE CONSTITUI\u00c7\u00c3O JUSTI\u00c7A E REDA\u00c7\u00c3O, <\/span><\/span><span class=\"s9\"><span class=\"bumpedFont15\">E DA COMISS\u00c3O DE <\/span><\/span><span class=\"s9\"><span class=\"bumpedFont15\">EDUCA\u00c7\u00c3O, CULTURA, SA\u00daDE E MEIO AMBIENTE<\/span><\/span><\/p>\n<p class=\"s10\"><span class=\"s9\"><span class=\"bumpedFont15\">PUBLICADO<\/span><\/span><span class=\"s9\"><span class=\"bumpedFont15\">S<\/span><\/span><span class=\"s9\"><span class=\"bumpedFont15\"> EM 24 DE NOVEMBRO DE 2021<\/span><\/span><\/p>\n<p class=\"s5\"><span class=\"s6\"><span class=\"bumpedFont15\">1<\/span><\/span><span class=\"s6\"><span class=\"bumpedFont15\">\u00aa<\/span><\/span><span class=\"s6\"><span class=\"bumpedFont15\"> DISCUSS\u00c3O DO PROJETO DE LEI N\u00ba 046\/2021<\/span><\/span><\/p>\n<p class=\"s12\"><span class=\"s6\"><span class=\"bumpedFont15\">AUTOR: VER. BRUNO SALSA<\/span><\/span><\/p>\n<p class=\"s5\"><span class=\"s9\"><span class=\"bumpedFont15\">INSTITUI A INCLUS\u00c3O DO S\u00cdMBOLO MUNDIAL DE AUTISMO NAS PLACAS DE ATENDIMENTO PREFERENCIAL DOS ESTABELECIEMENTOS P<\/span><\/span><span class=\"s9\"><span class=\"bumpedFont15\">\u00da<\/span><\/span><span class=\"s9\"><span class=\"bumpedFont15\">BLICOS E PRIVADOS NO <\/span><\/span><span class=\"s9\"><span class=\"bumpedFont15\">\u00c2<\/span><\/span><span class=\"s9\"><span class=\"bumpedFont15\">MBITO DO MUNIC<\/span><\/span><span class=\"s9\"><span class=\"bumpedFont15\">\u00cd<\/span><\/span><span class=\"s9\"><span class=\"bumpedFont15\">PIO DE GOIANA E D\u00c1 OUTRAS PROVID<\/span><\/span><span class=\"s9\"><span class=\"bumpedFont15\">\u00ca<\/span><\/span><span class=\"s9\"><span class=\"bumpedFont15\">NCIAS.<\/span><\/span><\/p>\n<p class=\"s10\"><span class=\"s9\"><span class=\"bumpedFont15\">PARECER<\/span><\/span><span class=\"s9\"><span class=\"bumpedFont15\">ES<\/span><\/span><span class=\"s9\"><span class=\"bumpedFont15\"> FAVOR<\/span><\/span><span class=\"s9\"><span class=\"bumpedFont15\">\u00c1<\/span><\/span><span class=\"s9\"><span class=\"bumpedFont15\">VE<\/span><\/span><span class=\"s9\"><span class=\"bumpedFont15\">IS<\/span><\/span><span class=\"s9\"><span class=\"bumpedFont15\"> DA COMISS\u00c3O DE CONSTITUI\u00c7\u00c3O<\/span><\/span><span class=\"s9\"><span class=\"bumpedFont15\">,<\/span><\/span><span class=\"s9\"><span class=\"bumpedFont15\"> JUSTI\u00c7A E REDA\u00c7\u00c3O, <\/span><\/span><span class=\"s9\"><span class=\"bumpedFont15\">E DA <\/span><\/span><span class=\"s9\"><span class=\"bumpedFont15\">COMISS\u00c3O DE EDUCA\u00c7\u00c3O, CULTURA, SA\u00daDE E MEIO AMBIENTE. <\/span><\/span><\/p>\n<p class=\"s10\"><span class=\"s9\"><span class=\"bumpedFont15\">PUBLICADOS EM 24 DE NOVEMBRO DE 2021<\/span><\/span><\/p>\n<p class=\"s4\"><span class=\"s6\"><span class=\"bumpedFont15\">DISCUSS\u00c3O \u00daNICA DO REQUERIMENTO N\u00ba 093\/2021<\/span><\/span><\/p>\n<p class=\"s4\"><span class=\"s6\"><span class=\"bumpedFont15\">AUTOR: VER. ALEXANDRE CARVALHO<\/span><\/span><\/p>\n<p class=\"s4\"><span class=\"s9\"><span class=\"bumpedFont15\">VOTO DE APLAUSOS PARA A SECRET\u00c1RIA DE SA\u00daDE DE GOIANA, SRA. L\u00cdCIA DA SILVA MACIEL, PELOS RELEVANTES SERVI\u00c7OS PRESTADOS AO NOSSO MUNIC\u00cdPIO DE GOIANA-PE.<\/span><\/span><\/p>\n<p class=\"s13\"><span class=\"s9\"><span class=\"bumpedFont15\">PUBLICADO EM 19 DE NOVEMBRO DE 2021<\/span><\/span><\/p>\n<p class=\"s4\"><span class=\"s6\"><span class=\"bumpedFont15\">DISCUSS\u00c3O \u00daNICA DA INDICA\u00c7\u00c3O N\u00ba 382\/2021<\/span><\/span><\/p>\n<p class=\"s4\"><span class=\"s6\"><span class=\"bumpedFont15\">AUTOR: VER. M\u00c1RIO DO PEIXE<\/span><\/span><\/p>\n<p class=\"s4\"><span class=\"s9\"><span class=\"bumpedFont15\">INDICA AO PREFEITO MUNICIPAL QUE SEJA REALIZADA A DESOBSTRU\u00c7\u00c3O DA GALERIA DA RUA AMARO VILARIM, LOCALIZADA AO LADO DA QUADRA DO SESI, NESTE MUNIC\u00cdPIO.<\/span><\/span><\/p>\n<p class=\"s4\"><span class=\"s9\"><span class=\"bumpedFont15\">PUBLICADO EM 26 DE NOVEMBRO DE 2021<\/span><\/span><\/p>\n","protected":false},"excerpt":{"rendered":"<p>74\u00aa (SEPTUAG\u00c9SIMA QUARTA) REUNI\u00c3O ORDIN\u00c1RIA DO 1\u00ba ANO DA 18\u00aa LEGISLATURA DA C\u00c2MARA MUNICIPAL DE GOIANA, EM 30 \u00a0DE NOVEMBRO DE 2021 \u00a0 \u00a0 \u00a0 \u00a0 \u00a0 \u00a0 \u00a0 \u00a0 \u00a0 \u00a0 \u00a0 \u00a0 \u00a0 \u00a0 \u00a0 \u00a0 \u00a0 \u00a0 \u00a0 \u00a0 \u00a0 \u00a0 \u00a0 \u00a0 \u00a0 \u00a0O R D E M \u00a0 D O&hellip; <a class=\"more-link\" href=\"https:\/\/goiana.pe.leg.br\/portal\/?p=1712\">Continue lendo <span class=\"screen-reader-text\">Ordem do Dia &#8211; 31\/11\/2021<\/span><\/a><\/p>\n","protected":false},"author":3,"featured_media":0,"comment_status":"closed","ping_status":"closed","sticky":false,"template":"","format":"standard","meta":{"_monsterinsights_skip_tracking":false,"_monsterinsights_sitenote_active":false,"_monsterinsights_sitenote_note":"","_monsterinsights_sitenote_category":0,"footnotes":""},"categories":[12],"tags":[],"class_list":["post-1712","post","type-post","status-publish","format-standard","hentry","category-ordem-do-dia","entry"],"featured_image_urls":{"full":"","thumbnail":"","medium":"","medium_large":"","large":"","1536x1536":"","2048x2048":"","post-thumbnail":"","menu-24x24":"","menu-36x36":"","menu-48x48":""},"author_info":{"info":["admin"]},"category_info":"<a href=\"https:\/\/goiana.pe.leg.br\/portal\/?cat=12\" rel=\"category\">Ordem do Dia<\/a>","tag_info":"Ordem do Dia","comment_count":"0","_links":{"self":[{"href":"https:\/\/goiana.pe.leg.br\/portal\/index.php?rest_route=\/wp\/v2\/posts\/1712","targetHints":{"allow":["GET"]}}],"collection":[{"href":"https:\/\/goiana.pe.leg.br\/portal\/index.php?rest_route=\/wp\/v2\/posts"}],"about":[{"href":"https:\/\/goiana.pe.leg.br\/portal\/index.php?rest_route=\/wp\/v2\/types\/post"}],"author":[{"embeddable":true,"href":"https:\/\/goiana.pe.leg.br\/portal\/index.php?rest_route=\/wp\/v2\/users\/3"}],"replies":[{"embeddable":true,"href":"https:\/\/goiana.pe.leg.br\/portal\/index.php?rest_route=%2Fwp%2Fv2%2Fcomments&post=1712"}],"version-history":[{"count":0,"href":"https:\/\/goiana.pe.leg.br\/portal\/index.php?rest_route=\/wp\/v2\/posts\/1712\/revisions"}],"wp:attachment":[{"href":"https:\/\/goiana.pe.leg.br\/portal\/index.php?rest_route=%2Fwp%2Fv2%2Fmedia&parent=1712"}],"wp:term":[{"taxonomy":"category","embeddable":true,"href":"https:\/\/goiana.pe.leg.br\/portal\/index.php?rest_route=%2Fwp%2Fv2%2Fcategories&post=1712"},{"taxonomy":"post_tag","embeddable":true,"href":"https:\/\/goiana.pe.leg.br\/portal\/index.php?rest_route=%2Fwp%2Fv2%2Ftags&post=1712"}],"curies":[{"name":"wp","href":"https:\/\/api.w.org\/{rel}","templated":true}]}}