{"id":1727,"date":"2021-12-10T11:56:40","date_gmt":"2021-12-10T14:56:40","guid":{"rendered":"http:\/\/goiana.pe.leg.br\/?post_type=ordem-do-dia&amp;p=1727"},"modified":"2021-12-10T11:56:40","modified_gmt":"2021-12-10T14:56:40","slug":"ordem-do-dia-07-12-2021","status":"publish","type":"post","link":"https:\/\/goiana.pe.leg.br\/portal\/?p=1727","title":{"rendered":"Ordem do Dia &#8211; 07\/12\/2021"},"content":{"rendered":"<p><strong><img loading=\"lazy\" decoding=\"async\" class=\"alignnone size-medium wp-image-1728\" src=\"http:\/\/goiana.pe.leg.br\/wp-content\/uploads\/2021\/12\/LogoCMG1-300x169.jpeg\" alt=\"\" width=\"300\" height=\"169\" \/><\/strong><\/p>\n<p><strong>76\u00aa (SEPTUAG\u00c9SIMA SEXTA) REUNI\u00c3O ORDIN\u00c1RIA DO 1\u00ba ANO DA 18\u00aa LEGISLATURA DA C\u00c2MARA MUNICIPAL DE GOIANA, EM \u00a007 DE DEZEMBRO DE 2021<\/strong><\/p>\n<p><strong>\u00a0\u00a0\u00a0\u00a0\u00a0\u00a0\u00a0\u00a0\u00a0\u00a0\u00a0\u00a0\u00a0\u00a0\u00a0\u00a0\u00a0\u00a0\u00a0\u00a0\u00a0\u00a0\u00a0\u00a0\u00a0\u00a0\u00a0\u00a0\u00a0\u00a0\u00a0\u00a0\u00a0\u00a0\u00a0\u00a0\u00a0\u00a0\u00a0\u00a0\u00a0\u00a0\u00a0\u00a0\u00a0 <\/strong><\/p>\n<p style=\"text-align: center;\"><strong>O R D E M\u00a0\u00a0 D O\u00a0\u00a0 D I A<\/strong><\/p>\n<p><strong>\u00a0<\/strong><\/p>\n<p><strong>1\u00aa DISCUSS\u00c3O DO PROJETO DE LEI N\u00ba 020\/2021<\/strong><\/p>\n<p><strong>AUTOR: PODER EXECUTIVO MUNICIPAL<\/strong><\/p>\n<p>INSTITUI O PROGRAMA DE RECUPERA\u00c7\u00c3O FISCAL E D\u00c1 OUTRAS PROVID\u00caNCIAS.<\/p>\n<p>PARECERES FAVOR\u00c1VEIS DA COMISS\u00c3O DE CONSTITUI\u00c7\u00c3O, JUSTI\u00c7A E REDA\u00c7\u00c3O E DA COMISS\u00c3O DE FINAN\u00c7AS E OR\u00c7AMENTO.<\/p>\n<p>PUBLICADOS EM 02\/12\/2021.<\/p>\n<p><strong>\u00a0<\/strong><\/p>\n<p><strong>2\u00aa DISCUSS\u00c3O DO PROJETO DE LEI N\u00ba 011\/2021<\/strong><\/p>\n<p><strong>AUTOR: CHEFE DO EXECUTIVO MUNICIPAL<\/strong><\/p>\n<p>DISP\u00d5E SOBRE O PLANO PLURIANUAL PARA O PER\u00cdODO DE 2022-2025 E D\u00c1 OUTRAS PROVID\u00caNCIAS.<\/p>\n<p><strong>\u00a0<\/strong><\/p>\n<p><strong>2\u00aa DISCUSS\u00c3O DO PROJETO DE LEI N\u00ba 012\/2021<\/strong><\/p>\n<p><strong>AUTOR: CHEFE DO EXECUTIVO MUNICIPAL<\/strong><\/p>\n<p>ESTIMA A RECEITA E FIXA A DESPESA SOBRE A LEI OR\u00c7AMENT\u00c1RIA (LOA) PARA O EXERC\u00cdCIO DE 2022 E D\u00c1 OUTRAS PROVID\u00caNCIAS.<\/p>\n<p><strong>\u00a0<\/strong><\/p>\n<p><strong>2\u00aa DISCUSS\u00c3O DO PROJETO DE LEI N\u00ba 022\/2021<\/strong><\/p>\n<p><strong>AUTOR: PODER EXECUTIVO MUNICIPAL<\/strong><\/p>\n<p>ALTERA A LEI N\u00ba 2.466\/2021 \u2013 CARNAVALESCO PROFESSOR EVERALDO, E D\u00c1 OUTRAS PROVID\u00caNCIAS.<\/p>\n<p><strong>\u00a0<\/strong><\/p>\n<p><strong>2\u00aa DISCUSS\u00c3O DO PROJETO DE LEI N\u00ba 041\/2021<\/strong><\/p>\n<p><strong>AUTOR: VERS. XANDE DA PRAIA E ANA DIAMANTE<\/strong><\/p>\n<p>DISP\u00d5E SOBRE A ENTREGA DOMICILIAR GRATUITA DE MEDICAMENTOS DE USO CONT\u00cdNUO \u00c0 PESSOA PORTADORA DE NECESSIDADE ESPECIAL E\/OU IDOSA, NO \u00c2MBITO DO MUNIC\u00cdPIO DE GOIANA, E D\u00c1 OUTRAS PROVID\u00caNCIAS.<\/p>\n<p><strong>\u00a0<\/strong><\/p>\n<p><strong>2\u00aa DISCUSS\u00c3O DO PROJETO DE LEI N\u00ba 050\/2021<\/strong><\/p>\n<p><strong>AUTOR: VER. IBSON GOUVEIA<\/strong><\/p>\n<p>INSTITUI O DIA MUNICIPAL DO CICLISTA NO MUNIC\u00cdPIO, A SER COMEMORADO NA DATA DE 11 DE MAR\u00c7O, E D\u00c1 OUTRAS PROVID\u00caNCIAS.<\/p>\n<p><strong>\u00a0<\/strong><\/p>\n<p><strong>1\u00aa DISCUSS\u00c3O DO PROJETO DE LEI N\u00ba 042\/2021<\/strong><\/p>\n<p><strong>AUTOR: VER. ANA DIAMANTE<\/strong><\/p>\n<p>DECLARA DE UTILIDADE P\u00daBLICA A ASSOSSIA\u00c7\u00c3O DA UNI\u00c3O DOS ARTES\u00c3OS DE GOIANA \u2013 AUAG, E D\u00c1 OUTRAS PROVID\u00caNCIAS.<\/p>\n<p>PARECER FAVOR\u00c1VEL DA COMISS\u00c3O DE CONSTITUI\u00c7\u00c3O, JUSTI\u00c7A E REDA\u00c7\u00c3O<\/p>\n<p>PUBLICADO EM 24 DE NOVEMBRO DE 2021<\/p>\n<p>&nbsp;<\/p>\n<p><strong>1\u00aa DISCUSS\u00c3O DO PROJETO DE LEI N\u00ba 055\/2021<\/strong><\/p>\n<p><strong>AUTOR: VER. ANA DIAMANTE<\/strong><\/p>\n<p>INSTITUI O PROGRAMA \u201cADOTE UMA \u00c1RVORE E TORNE GOIANA MAIS VERDE\u201d, NO \u00c2MBITO DO MUNIC\u00cdPIO, E D\u00c1 OUTRA PROVID\u00caNCIAS.<\/p>\n<p>PARECERES FAVOR\u00c1VEIS DA COMISS\u00c3O DE CONSTITUI\u00c7\u00c3O, JUSTI\u00c7A E REDA\u00c7\u00c3O \u00a0E DA \u00a0COMISS\u00c3O DE EDUCA\u00c7\u00c3O CULTURA, SA\u00daDE E MEIO AMBIENTE.<\/p>\n<p>PUBLICADOS EM 24 DE NOVEMBRO DE 2021.<\/p>\n<p>&nbsp;<\/p>\n<p><strong>1\u00aa DISCUSS\u00c3O DO PROJETO DE DECRETO LEGISLATIVO N\u00ba 016\/2021<\/strong><\/p>\n<p><strong>AUTOR: VER. BRUNO SALSA<\/strong><\/p>\n<p>CONCEDE T\u00cdTULO DE CIDAD\u00c3O GOIANENSE \u00c0 EMPRES\u00c1RIA E PROFESSORA SUELLEN DOS SANTOS MEDEIROS, E D\u00c1 OUTRAS PROVID\u00caNCIAS.<\/p>\n<p>PARECER FAVOR\u00c1VEL DA COMISS\u00c3O DE CONSTITUI\u00c7\u00c3O, JUSTI\u00c7A E REDA\u00c7\u00c3O PUBLICADO EM 23 DE NOVEMBRO DE 2021.<\/p>\n<p><strong>\u00a0<\/strong><\/p>\n<p><strong>DISCUSS\u00c3O \u00daNICA DO REQUERIMENTO N\u00ba 097\/2021<\/strong><\/p>\n<p><strong>AUTOR: VER. RAMON ARANHA<\/strong><\/p>\n<p>VOTO DE APLAUSOS AOS SENHORES JOS\u00c9 PHILLIP RIBEIRO, PRESIDENTE DA ASTUG; ADRIANA MARIA DOS SANTOS, PRIMEIRA SECRET\u00c1RIA; LIGIA FERNANDES DE SOUZA (SEGUNDA SECRET\u00c1RIA); MEIRE REGINA LIMA PONTUAL, PRIMEIRA TESOUREIRA; FELIPE FEITOSA, SEGUNDO TESOUREIRO; E DANILO GUSTAVO DOS SANTOS SOUZA; SUPORTE JUR\u00cdDICO; TODOS FUNCION\u00c1RIOS DA ASSOCIA\u00c7\u00c3O DOS T\u00c9CNICOS E UNIVERSIT\u00c1RIOS DE GOIANA, PELO EX\u00cdMIO TRABALHO REALIZADO EM FUN\u00c7\u00c3O DO MUNICIPIO DE GOIANA-PE.<\/p>\n<p>PUBLICADO EM 02 DE DEZEMBRO DE 2021<\/p>\n<p>&nbsp;<\/p>\n<p><strong>DISCUSS\u00c3O \u00daNICA DA INDICA\u00c7\u00c3O N\u00ba 383\/2021<\/strong><\/p>\n<p><strong>AUTOR: VER. PEDRO HENRIQUE<\/strong><\/p>\n<p>INDICA AO PREFEITO MUNICIPAL QUE, ATRAV\u00c9S DO SETOR COMPETENTE, SEJA CONSTRU\u00cdDA UMA PRA\u00c7A EM FRENTE \u00c0 UPA SANTO AMARO, NO DISTRITO DE PONTA DE PEDRAS.<\/p>\n<p>PUBLICADO EM 30 DE NOVEMBRO DE 2021.<\/p>\n<p>&nbsp;<\/p>\n<p><strong>DISCUSS\u00c3O \u00daNICA DA INDICA\u00c7\u00c3O N\u00ba 384\/2021<\/strong><\/p>\n<p><strong>AUTOR: VER. RAMON ARANHA<\/strong><\/p>\n<p>INDICA AO PREFEITO MUNICIPAL QUE SEJA REALIZADA A DESAPROPRIA\u00c7\u00c3O E SEJAM CONCEDIDOS T\u00cdTULOS DE POSSE PARA A OCUPA\u00c7\u00c3O DO LOTEAMENTO SINDICATO, NO CENTRO DE GOIANA.<\/p>\n<p>PUBLICADO EM 30 DE NOVEMBRO DE 2021<\/p>\n<p><strong>\u00a0<\/strong><\/p>\n<p><strong>DISCUSS\u00c3O \u00daNICA DA INDICA\u00c7\u00c3O N\u00ba 385\/2021<\/strong><\/p>\n<p><strong>AUTOR: VER. ANA SILVEIRA<\/strong><\/p>\n<p>INDICA AO PREFEITO MUNICIPAL A CONSTRU\u00c7\u00c3O DE PR\u00c9DIOS PARA O FUNCIONAMENTO DAS UNIDADES B\u00c1SICAS DE SA\u00daDE.<\/p>\n<p>PUBLICADO EM 30 DE NOVEMBRO DE 2021<\/p>\n<p>&nbsp;<\/p>\n<p><strong>DISCUSS\u00c3O \u00daNICA DA INDICA\u00c7\u00c3O N\u00ba386\/2021<\/strong><\/p>\n<p><strong>AUTOR: VER. RAMON ARANHA<\/strong><\/p>\n<p>INDICA AO PREFEITO MUNICIPAL SEJA REALIZADA UMA MANUTEN\u00c7\u00c3O NO SISTEMA DE ABASTECIMENTO D\u2019\u00c1GUA DOS CEMIT\u00c9RIOS DO MUNIC\u00cdPIO DE GOIANA-SEDE, ATAPUZ, CARRAPICHO, TEJUCUPAPO, S\u00c3O LOUREN\u00c7O, CARNE DE VACA, PONTA DE PEDRAS E CATUAMA.<\/p>\n<p>PUBLICADO EM 30 DE NOVEMBRO DE 2021<\/p>\n<p>&nbsp;<\/p>\n<p><strong>DISCUSS\u00c3O \u00daNICA DA INDICA\u00c7\u00c3O N\u00ba 388\/2021<\/strong><\/p>\n<p><strong>AUTOR: VER. EDUARDO BATISTA<\/strong><\/p>\n<p>INDICA AO PREFEITO MUNICIPAL A INSTALA\u00c7\u00c3O DE C\u00c2MERAS DE VIDEOMONITORAMENTO NO CEMIT\u00c9RIO P\u00daBLICO MUNICIPAL DE GOIANA.<\/p>\n<p>PUBLICADO EM 30 DE NOVEMBRO DE 2021<\/p>\n<p><strong>\u00a0<\/strong><\/p>\n<p><strong>DISCUSS\u00c3O \u00daNICA DA INDICA\u00c7\u00c3O N\u00ba 389\/2021<\/strong><\/p>\n<p><strong>AUTOR: VER. EDSON DA FARM\u00c1CIA<\/strong><\/p>\n<p>INDICA AO PREFEITO MUNICIPAL QUE PROVIDENCIE A DESOBSTRU\u00c7\u00c3O E RECUPERA\u00c7\u00c3O DE ESGOTOS NA AVENIDA ITAPIREMA, PR\u00d3XIMO \u00c0 CHURRASCARIA BODE GRILL, EM FLEXEIRAS.<\/p>\n<p>PUBLICADO EM 30 DE NOVEMBRO DE 2021<\/p>\n<p><strong>____________________________________________________________________<\/strong><\/p>\n<p><strong>\u00a0<\/strong><\/p>\n","protected":false},"excerpt":{"rendered":"<p>76\u00aa (SEPTUAG\u00c9SIMA SEXTA) REUNI\u00c3O ORDIN\u00c1RIA DO 1\u00ba ANO DA 18\u00aa LEGISLATURA DA C\u00c2MARA MUNICIPAL DE GOIANA, EM \u00a007 DE DEZEMBRO DE 2021 \u00a0\u00a0\u00a0\u00a0\u00a0\u00a0\u00a0\u00a0\u00a0\u00a0\u00a0\u00a0\u00a0\u00a0\u00a0\u00a0\u00a0\u00a0\u00a0\u00a0\u00a0\u00a0\u00a0\u00a0\u00a0\u00a0\u00a0\u00a0\u00a0\u00a0\u00a0\u00a0\u00a0\u00a0\u00a0\u00a0\u00a0\u00a0\u00a0\u00a0\u00a0\u00a0\u00a0\u00a0\u00a0 O R D E M\u00a0\u00a0 D O\u00a0\u00a0 D I A \u00a0 1\u00aa DISCUSS\u00c3O DO PROJETO DE LEI N\u00ba 020\/2021 AUTOR: PODER EXECUTIVO MUNICIPAL INSTITUI O PROGRAMA DE RECUPERA\u00c7\u00c3O FISCAL E D\u00c1 OUTRAS&hellip; <a class=\"more-link\" href=\"https:\/\/goiana.pe.leg.br\/portal\/?p=1727\">Continue lendo <span class=\"screen-reader-text\">Ordem do Dia &#8211; 07\/12\/2021<\/span><\/a><\/p>\n","protected":false},"author":3,"featured_media":0,"comment_status":"closed","ping_status":"closed","sticky":false,"template":"","format":"standard","meta":{"_monsterinsights_skip_tracking":false,"_monsterinsights_sitenote_active":false,"_monsterinsights_sitenote_note":"","_monsterinsights_sitenote_category":0,"footnotes":""},"categories":[12],"tags":[],"class_list":["post-1727","post","type-post","status-publish","format-standard","hentry","category-ordem-do-dia","entry"],"featured_image_urls":{"full":"","thumbnail":"","medium":"","medium_large":"","large":"","1536x1536":"","2048x2048":"","post-thumbnail":"","menu-24x24":"","menu-36x36":"","menu-48x48":""},"author_info":{"info":["admin"]},"category_info":"<a href=\"https:\/\/goiana.pe.leg.br\/portal\/?cat=12\" rel=\"category\">Ordem do Dia<\/a>","tag_info":"Ordem do Dia","comment_count":"0","_links":{"self":[{"href":"https:\/\/goiana.pe.leg.br\/portal\/index.php?rest_route=\/wp\/v2\/posts\/1727","targetHints":{"allow":["GET"]}}],"collection":[{"href":"https:\/\/goiana.pe.leg.br\/portal\/index.php?rest_route=\/wp\/v2\/posts"}],"about":[{"href":"https:\/\/goiana.pe.leg.br\/portal\/index.php?rest_route=\/wp\/v2\/types\/post"}],"author":[{"embeddable":true,"href":"https:\/\/goiana.pe.leg.br\/portal\/index.php?rest_route=\/wp\/v2\/users\/3"}],"replies":[{"embeddable":true,"href":"https:\/\/goiana.pe.leg.br\/portal\/index.php?rest_route=%2Fwp%2Fv2%2Fcomments&post=1727"}],"version-history":[{"count":0,"href":"https:\/\/goiana.pe.leg.br\/portal\/index.php?rest_route=\/wp\/v2\/posts\/1727\/revisions"}],"wp:attachment":[{"href":"https:\/\/goiana.pe.leg.br\/portal\/index.php?rest_route=%2Fwp%2Fv2%2Fmedia&parent=1727"}],"wp:term":[{"taxonomy":"category","embeddable":true,"href":"https:\/\/goiana.pe.leg.br\/portal\/index.php?rest_route=%2Fwp%2Fv2%2Fcategories&post=1727"},{"taxonomy":"post_tag","embeddable":true,"href":"https:\/\/goiana.pe.leg.br\/portal\/index.php?rest_route=%2Fwp%2Fv2%2Ftags&post=1727"}],"curies":[{"name":"wp","href":"https:\/\/api.w.org\/{rel}","templated":true}]}}