{"id":2042,"date":"2021-03-09T09:53:36","date_gmt":"2021-03-09T12:53:36","guid":{"rendered":"http:\/\/goiana.pe.leg.br\/?post_type=ordem-do-dia&amp;p=803"},"modified":"2021-03-09T09:53:36","modified_gmt":"2021-03-09T12:53:36","slug":"ordem-do-dia-09-03-20021","status":"publish","type":"post","link":"https:\/\/goiana.pe.leg.br\/portal\/?p=2042","title":{"rendered":"Ordem do dia 09\/03\/20021"},"content":{"rendered":"<p>REUNI\u00c3O ORDIN\u00c1RIA DO 1\u00ba ANO DA 18\u00ba LEGISLATURA DA C\u00c2MARA MUNICIPAL DE GOIANA, EM 09 \u00a0DE MAR\u00c7O DE 2021.<\/p>\n<p><strong>O<\/strong> R <strong>D<\/strong> E <strong>M<\/strong>\u00a0\u00a0\u00a0 D O\u00a0\u00a0\u00a0 <strong>D<\/strong> I <strong>A<\/strong><\/p>\n<p><strong>\u00a0<\/strong><\/p>\n<p>DISCUSS\u00c3O UNICA DO PROJETO DE DECRETO LEGISLATIVO N\u00ba 004\/2021.<\/p>\n<p>AUTOR: MESA DA C\u00c2MARA MUNICIPAL.<\/p>\n<p>&nbsp;<\/p>\n<p>DISP\u00d5E SOBRE INDICA\u00c7\u00c3O DE REPRESENTANTES DA C\u00c2MARA MUNICIPAL DE GOIANA, EM CONSELHOS MUNICIPAIS E D\u00c1 OUTRAS PROVIDENCIAS.<\/p>\n<p>PUBLICADO EM 05 DE MAR\u00c7O DE 2021.<\/p>\n<p>&nbsp;<\/p>\n<p>DISCUSS\u00c3O \u00daNICA DO REQUERIMENTO N\u00ba 012\/2021.<\/p>\n<p>AUTOR: VER: EDUARDO BATISTA.<\/p>\n<p>REQUER, ao Exmo. Sr. Governador do Estado de Pernambuco, em sintonia com o <strong>DER (Departamento de Estradas e Rodagens)<\/strong>, a urgente necessidade da <strong>INSTALA\u00c7\u00c3O DE LOMBADAS ELETRONICA,<\/strong> na extens\u00e3o do trecho da feira de Flexeiras sentido Condado\/Goiana \u2013 PE-62.<\/p>\n<p>PUBLICADO EM 03 DE MAR\u00c7O DE 2021.<\/p>\n<p>&nbsp;<\/p>\n<p>DISCUSS\u00c3O \u00daNICA DO REQUERIMENTO N\u00ba 013\/2021.<\/p>\n<p>AUTOR: VER: EDUARDO BATISTA<\/p>\n<p>REQUER, AO GOVERNADOR DO ESTADO DE PERNAMBUCO, SECRETARIO ESTADUAL DE EDUCA\u00c7\u00c3O, CONSELHO DE DEFESA SOCIAL, COMANDANTE GERAL DA POLICIA MILITAR DE PERNAMBUCO, PRESIDENTE DA ASSEMBLEIA LEGISLATIVA DE PERNAMBUCO, SOLICITANDO QUE SEJA IMPLANTADO NO MUNICIPIO UM COLEGIO MILITAR COM PARCERIA DA PREFEITURA MUNICIPAL DE GOIANA-PE.<\/p>\n<p>&nbsp;<\/p>\n<p>DISCUSS\u00c3O \u00daNICA DA INDICA\u00c7\u00c3O N\u00ba 051\/2021.<\/p>\n<p>AUTOR: VER: BRUNO SALSA<\/p>\n<p>INDICA, AO PREFEITO MUNICIPAL, A CONSTRU\u00c7\u00c3O DE UMA CRECHE ESCOLA NA COMUNIDADE EM NOVA GOIANA.<\/p>\n<p>PUBLICADO EM 19 DE FEVEREIRO DE 2021.<\/p>\n<p>&nbsp;<\/p>\n<p>DISCUSS\u00c3O \u00daNICA DA INDICA\u00c7\u00c3O N\u00ba 082\/2021.<\/p>\n<p>AUTORA: VEREADORA: ANA SILVEIRA.<\/p>\n<p>INDICA AO PREFEITO MUNICIPAL, A IMPLANTA\u00c7\u00c3O DE UMA ROT\u00c1TORIA NO LARGO QUE FICA POR TRAS DO COLEGIO SAGRADA FAMILIA AO LADO DA ESCOLA MARIE ARM\u00c9LLIE FALGUI\u00c9RES.<\/p>\n<p>PUBLICADO EM 05 DE MAR\u00c7O DE 2021.<\/p>\n<p>&nbsp;<\/p>\n<p>&nbsp;<\/p>\n<p>DISCUSS\u00c3O \u00daNICA DA INDICA\u00c7\u00c3O N\u00ba 083\/2021.<\/p>\n<p>AUTOR: VER: CID DO CARANGUEJO<\/p>\n<p>INDICA AO PREFEITO MUNICIPAL, SEJA REALIZADA A CONSTRU\u00c7\u00c3O DA QUADRA POLIESPORTIVA QUE FICA NA COMUNIDADE QUILOMBOLA DE POVOA\u00c7\u00c3O DE S\u00c3O LOUREN\u00c7O.<\/p>\n<p>PUBLICADO EM 05 DE MAR\u00c7O DE 2021.<\/p>\n<p>&nbsp;<\/p>\n<p>&nbsp;<\/p>\n<p>DISCUSS\u00c3O \u00daNICA DA INDICA\u00c7\u00c3O N\u00ba 084\/2021.<\/p>\n<p>AUTOR: VER: ANDR\u00c9 RABIC\u00d3<\/p>\n<p>INDICA AO PREFEITO MUNICIPAL, A POSSIBILIDADE DE COLOCAR ESPECIALISTAS EM CARDIOLOGIA, OTORRINO, NEUROLOGIA, PEDIATRIA E CLINICO GERAL, PARA UNIDADE MISTA DE TEJUCUPAPO.<\/p>\n<p>PUBLICADO EM 05 DE MAR\u00c7O DE 2021.<\/p>\n<p>&nbsp;<\/p>\n<p>DISCUSS\u00c3O \u00daNICA DA INDICA\u00c7\u00c3O N\u00ba 085\/2021.<\/p>\n<p>AUTOR: VER: IBSON GOUVEIA<\/p>\n<p>INDICA AO PREFEITO MUNICIPAL, A AQUISI\u00c7\u00c3O DE UMA MAQUINA DE RESSON\u00c2NCIA MAGNETICA, NESTE MUNICIPIO DE GOIANA-PE\u00a0\u00a0\u00a0\u00a0 .<\/p>\n<p>PUBLICADO EM 05 DE MAR\u00c7O DE 2021.<\/p>\n<p>&nbsp;<\/p>\n<p>&nbsp;<\/p>\n<p>DISCUSS\u00c3O \u00daNICA DA NDICA\u00c7\u00c3O N\u00ba 087\/2021.<\/p>\n<p>AUTOR: VER: RAMON ARANHA<\/p>\n<p>INDICA AO PREFEITO MUNICIPAL, SEJA CRIADO UM AUX\u00cdLIO EMERGENCIAL PARA AGREMIA\u00c7\u00d5ES, ARTISTA E VENDEDORES AMBULANTES DO CARNAVAL.<\/p>\n<p>&nbsp;<\/p>\n<p>&nbsp;<\/p>\n<p>DISCUSS\u00c3O \u00daNICA DA INDICA\u00c7\u00c3O N\u00ba 088\/2021.<\/p>\n<p>AUTOR: VER: PEDRO HENRIQUE.<\/p>\n<p>INDICA AO PREFEITO MUNICIPAL VEJA A POSSIBILIDADE DE IMPLANTAR UM APARELHO DE RAIO-X, NA UNIDADE DE PRONTO ATENDIMENTO UPA, SANTO AMARO, EM PONTA DE PEDRAS.<\/p>\n<p>PUBLICADO EM 05 DE MAR\u00c7O DE 2021.<\/p>\n<p>&nbsp;<\/p>\n","protected":false},"excerpt":{"rendered":"<p>REUNI\u00c3O ORDIN\u00c1RIA DO 1\u00ba ANO DA 18\u00ba LEGISLATURA DA C\u00c2MARA MUNICIPAL DE GOIANA, EM 09 \u00a0DE MAR\u00c7O DE 2021. O R D E M\u00a0\u00a0\u00a0 D O\u00a0\u00a0\u00a0 D I A \u00a0 DISCUSS\u00c3O UNICA DO PROJETO DE DECRETO LEGISLATIVO N\u00ba 004\/2021. AUTOR: MESA DA C\u00c2MARA MUNICIPAL. &nbsp; DISP\u00d5E SOBRE INDICA\u00c7\u00c3O DE REPRESENTANTES DA C\u00c2MARA MUNICIPAL DE GOIANA,&hellip; <a class=\"more-link\" href=\"https:\/\/goiana.pe.leg.br\/portal\/?p=2042\">Continue lendo <span class=\"screen-reader-text\">Ordem do dia 09\/03\/20021<\/span><\/a><\/p>\n","protected":false},"author":3,"featured_media":0,"comment_status":"closed","ping_status":"closed","sticky":false,"template":"","format":"standard","meta":{"_monsterinsights_skip_tracking":false,"_monsterinsights_sitenote_active":false,"_monsterinsights_sitenote_note":"","_monsterinsights_sitenote_category":0,"footnotes":""},"categories":[12],"tags":[],"class_list":["post-2042","post","type-post","status-publish","format-standard","hentry","category-ordem-do-dia","entry"],"featured_image_urls":{"full":"","thumbnail":"","medium":"","medium_large":"","large":"","1536x1536":"","2048x2048":"","post-thumbnail":"","menu-24x24":"","menu-36x36":"","menu-48x48":""},"author_info":{"info":["admin"]},"category_info":"<a href=\"https:\/\/goiana.pe.leg.br\/portal\/?cat=12\" rel=\"category\">Ordem do Dia<\/a>","tag_info":"Ordem do Dia","comment_count":"0","_links":{"self":[{"href":"https:\/\/goiana.pe.leg.br\/portal\/index.php?rest_route=\/wp\/v2\/posts\/2042","targetHints":{"allow":["GET"]}}],"collection":[{"href":"https:\/\/goiana.pe.leg.br\/portal\/index.php?rest_route=\/wp\/v2\/posts"}],"about":[{"href":"https:\/\/goiana.pe.leg.br\/portal\/index.php?rest_route=\/wp\/v2\/types\/post"}],"author":[{"embeddable":true,"href":"https:\/\/goiana.pe.leg.br\/portal\/index.php?rest_route=\/wp\/v2\/users\/3"}],"replies":[{"embeddable":true,"href":"https:\/\/goiana.pe.leg.br\/portal\/index.php?rest_route=%2Fwp%2Fv2%2Fcomments&post=2042"}],"version-history":[{"count":0,"href":"https:\/\/goiana.pe.leg.br\/portal\/index.php?rest_route=\/wp\/v2\/posts\/2042\/revisions"}],"wp:attachment":[{"href":"https:\/\/goiana.pe.leg.br\/portal\/index.php?rest_route=%2Fwp%2Fv2%2Fmedia&parent=2042"}],"wp:term":[{"taxonomy":"category","embeddable":true,"href":"https:\/\/goiana.pe.leg.br\/portal\/index.php?rest_route=%2Fwp%2Fv2%2Fcategories&post=2042"},{"taxonomy":"post_tag","embeddable":true,"href":"https:\/\/goiana.pe.leg.br\/portal\/index.php?rest_route=%2Fwp%2Fv2%2Ftags&post=2042"}],"curies":[{"name":"wp","href":"https:\/\/api.w.org\/{rel}","templated":true}]}}