{"id":2054,"date":"2021-04-14T11:02:04","date_gmt":"2021-04-14T14:02:04","guid":{"rendered":"http:\/\/goiana.pe.leg.br\/?post_type=ordem-do-dia&amp;p=922"},"modified":"2021-04-14T11:02:04","modified_gmt":"2021-04-14T14:02:04","slug":"ordem-do-dia-13-04-2021","status":"publish","type":"post","link":"https:\/\/goiana.pe.leg.br\/portal\/?p=2054","title":{"rendered":"Ordem do dia 13\/04\/2021"},"content":{"rendered":"<p>REUNI\u00c3O ORDIN\u00c1RIA DO 1\u00ba ANO DA 18\u00b0 LEGISLATURA DA C\u00c2MARA MUNICIPAL DE GOIANA, EM 13 DE ABRIL DE 2021.<\/p>\n<p><strong>O<\/strong> R <strong>D<\/strong> E <strong>M<\/strong>\u00a0\u00a0\u00a0 D O\u00a0\u00a0\u00a0 <strong>D<\/strong> I <strong>A<\/strong><\/p>\n<p>&nbsp;<\/p>\n<p>2\u00ba DISCUSS\u00c3O DO PROJETO DE LEI N\u00ba 007\/2021.<br \/>\nAUTOR: VER: RAMON ARANHA<br \/>\nFICA DENOMINADA CASA DA CIDADANIA &#8211; TEM. C\u00c2MARA, LOCALIZADA NA CIDADE DE GOIANA-PE, (ANTIGA CADEIA PUBLICA).<\/p>\n<p>&nbsp;<\/p>\n<p>2\u00ba DISCUSS\u00c3O DO PROJETO DE LEI N\u00b0 011\/2021.<br \/>\nAUTOR: VER: CARLOS VI\u00c9GAS J\u00daNIOR<br \/>\nFICA CONSIDERADO DE UTILIDADE P\u00daBLICA A ASSOCIA\u00c7\u00c3O DE MORADORES E PESCADORES DE PONTA DE PEDRAS -AMPPP &#8211; COM ENDERE\u00c7O \u00c0 RUA DO MEIO, N\u00b0 270 &#8220;A&#8221;, PONTA DE PEDRAS.<\/p>\n<p>&nbsp;<\/p>\n<p>DISCUSS\u00c3O \u00daNICA DO REQUERIMENTO N\u00b0 017\/2021.<br \/>\nAUTORES: VEREADORES: EDUARDO BATISTA, ALEXANDRE CARVALHO, ANDR\u00c9 RABIC\u00d3, ANA DIAMANTE, ANA SILVEIRA, BRUNO SALSA, CARLOS VIEGAS. CID CARANGUEJO, EDSON DA FARM\u00c1CIA, IBSON GOUVEIA, MARIO DO PEIXE, PEDRO HENRIQUE, RAMON ARANHA, RENATO SANDRE E XANDE DA PRAIA.<br \/>\nVOTO DE PROFUNDO PESAR, PELO FALECIMENTO DO SENHOR JOS\u00c9 CARLOS CORREIA DA SILVA, EX-VEREADOR, EX PRESIDENTE DESTA CASA, EX-VICE- PREFEITO, EX-SUBPREFEITO, EX-PRESIDENTE DO PARTIDO SOCIAL BRASILEIRO, OCORRIDO NO DIA 23 DE MAR\u00c7O DE 2021, NA CIDADE DO RECIFE- PE.<br \/>\nPUBLICADO EM 31 DE MAR\u00c7O DE 2021.<\/p>\n<p>&nbsp;<\/p>\n<p>DISCUSS\u00c3O \u00daNICA DO REQUERIMENTO N\u00b0 018\/2021.<br \/>\nAUTORAS; VEREADORAS: ANA DIAMANTE E ANA SILVEIRA<br \/>\nVOTO DE PROFUNDO PESAR, PELO FALECIMENTO DO SR. JO\u00c3O LUIZ DA SILVA SANTANA (SR. DOCA), OCORRIDO NO DIA 24 DE MAR\u00c7O DE 2021, NA PRAIA DE CARNE DE VACA.<br \/>\nPARECER FAVOR\u00c1VEL PUBLICADO EM 31 DE MAR\u00c7O DE 2021.<\/p>\n<p>&nbsp;<\/p>\n<p>DISCUSS\u00c3O \u00daNICA DO REQUERIMENTO N\u00ba 019\/2021.<br \/>\nAUTOR: VER: CARLOS VI\u00c9GAS JUNIOR.<br \/>\nREQUER, A INSTALA\u00c7\u00c3O DE DELEGACIA DE POLICIA, NO DISTRITO DE PONTA DE PEDRAS, NESTE MUNIC\u00cdPIO.<br \/>\nPUBLICADO EM 31 DE MAR\u00c7O DE 2021.<\/p>\n<p>&nbsp;<\/p>\n<p>DISCUSS\u00c3O \u00daNICA DA INDICA\u00c7\u00c3O N\u00b0 136\/2021.<br \/>\nAUTOR: VER: EDUARDO BATISTA.<br \/>\nINDICA, AO PREFEITO MUNICIPAL, SEJA REALIZADO A COMPLEMENTA\u00c7\u00c3O DO CAL\u00c7AMENTO DA RUA PROJETADA, QUE VAI DA ESTA\u00c7\u00c3O DE G\u00c1S, ATE A CANA\u00c2 POLPA DE FRUTAS, LIGANDO A PE-75, LOTEAMENTO BELA VISTA II, NESTA CIDADE.<br \/>\nPUBLICADO EM 31 DE MAR\u00c7O DE 2021.<\/p>\n<p>&nbsp;<\/p>\n<p>DISCUSS\u00c3O \u00daNICA DA INDICA\u00c7\u00c3O N\u00b0 137\/2021.<br \/>\nAUTOR: VER: EDSON DA FARM\u00c1CIA<br \/>\nINDICA, AO PREFEITO MUNICIPAL, SEJA REALIZADO A PAVIMENTA\u00c7\u00c3O DO ACESSO PRINCIPAL AO ASSENTAMENTO DO ENGENHO UBU, ZONA RURAL DO MUNIC\u00cdPIO DE GOIANA.<br \/>\nPUBLICADO EM 31 DE MAR\u00c7O DE 2021.<\/p>\n<p>&nbsp;<\/p>\n<p>DISCUSS\u00c3O \u00daNICA DA INDICA\u00c7\u00c3O N\u00b0 139\/2021.<br \/>\nAUTOR: VER: PEDRO HENRIQUE<br \/>\nINDICA, AO PREFEITO MUNICIPAL, SEJA REALIZADO A PAVIMENTA\u00c7\u00c3O DA AVENIDA CARPINA, LOCALIZADA EM CATUAMA, EM PONTA DE PEDRAS.<br \/>\nPUBLICADO EM 31 DE MAR\u00c7O DE 2021.<\/p>\n<p>&nbsp;<\/p>\n","protected":false},"excerpt":{"rendered":"<p>REUNI\u00c3O ORDIN\u00c1RIA DO 1\u00ba ANO DA 18\u00b0 LEGISLATURA DA C\u00c2MARA MUNICIPAL DE GOIANA, EM 13 DE ABRIL DE 2021. O R D E M\u00a0\u00a0\u00a0 D O\u00a0\u00a0\u00a0 D I A &nbsp; 2\u00ba DISCUSS\u00c3O DO PROJETO DE LEI N\u00ba 007\/2021. AUTOR: VER: RAMON ARANHA FICA DENOMINADA CASA DA CIDADANIA &#8211; TEM. C\u00c2MARA, LOCALIZADA NA CIDADE DE GOIANA-PE,&hellip; <a class=\"more-link\" href=\"https:\/\/goiana.pe.leg.br\/portal\/?p=2054\">Continue lendo <span class=\"screen-reader-text\">Ordem do dia 13\/04\/2021<\/span><\/a><\/p>\n","protected":false},"author":3,"featured_media":0,"comment_status":"closed","ping_status":"closed","sticky":false,"template":"","format":"standard","meta":{"_monsterinsights_skip_tracking":false,"_monsterinsights_sitenote_active":false,"_monsterinsights_sitenote_note":"","_monsterinsights_sitenote_category":0,"footnotes":""},"categories":[12],"tags":[],"class_list":["post-2054","post","type-post","status-publish","format-standard","hentry","category-ordem-do-dia","entry"],"featured_image_urls":{"full":"","thumbnail":"","medium":"","medium_large":"","large":"","1536x1536":"","2048x2048":"","post-thumbnail":"","menu-24x24":"","menu-36x36":"","menu-48x48":""},"author_info":{"info":["admin"]},"category_info":"<a href=\"https:\/\/goiana.pe.leg.br\/portal\/?cat=12\" rel=\"category\">Ordem do Dia<\/a>","tag_info":"Ordem do Dia","comment_count":"0","_links":{"self":[{"href":"https:\/\/goiana.pe.leg.br\/portal\/index.php?rest_route=\/wp\/v2\/posts\/2054","targetHints":{"allow":["GET"]}}],"collection":[{"href":"https:\/\/goiana.pe.leg.br\/portal\/index.php?rest_route=\/wp\/v2\/posts"}],"about":[{"href":"https:\/\/goiana.pe.leg.br\/portal\/index.php?rest_route=\/wp\/v2\/types\/post"}],"author":[{"embeddable":true,"href":"https:\/\/goiana.pe.leg.br\/portal\/index.php?rest_route=\/wp\/v2\/users\/3"}],"replies":[{"embeddable":true,"href":"https:\/\/goiana.pe.leg.br\/portal\/index.php?rest_route=%2Fwp%2Fv2%2Fcomments&post=2054"}],"version-history":[{"count":0,"href":"https:\/\/goiana.pe.leg.br\/portal\/index.php?rest_route=\/wp\/v2\/posts\/2054\/revisions"}],"wp:attachment":[{"href":"https:\/\/goiana.pe.leg.br\/portal\/index.php?rest_route=%2Fwp%2Fv2%2Fmedia&parent=2054"}],"wp:term":[{"taxonomy":"category","embeddable":true,"href":"https:\/\/goiana.pe.leg.br\/portal\/index.php?rest_route=%2Fwp%2Fv2%2Fcategories&post=2054"},{"taxonomy":"post_tag","embeddable":true,"href":"https:\/\/goiana.pe.leg.br\/portal\/index.php?rest_route=%2Fwp%2Fv2%2Ftags&post=2054"}],"curies":[{"name":"wp","href":"https:\/\/api.w.org\/{rel}","templated":true}]}}