{"id":2098,"date":"2022-02-02T21:20:05","date_gmt":"2022-02-02T21:20:05","guid":{"rendered":"https:\/\/goiana.pe.leg.br\/?p=2098"},"modified":"2022-02-02T21:20:05","modified_gmt":"2022-02-02T21:20:05","slug":"sessao-solene-para-instalacao-do-2o-ano-legislativo-ordinario-da-18a-legislatura-da-camara-municipal-de-goiana","status":"publish","type":"post","link":"https:\/\/goiana.pe.leg.br\/portal\/?p=2098","title":{"rendered":"Sess\u00e3o Solene para instala\u00e7\u00e3o do 2\u00ba Ano Legislativo Ordin\u00e1rio, da 18\u00aa Legislatura da C\u00e2mara Municipal de Goiana"},"content":{"rendered":"\n<figure class=\"wp-block-image size-large\"><img loading=\"lazy\" decoding=\"async\" width=\"709\" height=\"1024\" src=\"https:\/\/goiana.pe.leg.br\/portal\/wp-content\/uploads\/2022\/02\/WhatsApp-Image-2022-02-02-at-18.17.27-709x1024.jpeg\" alt=\"\" class=\"wp-image-2099\" srcset=\"https:\/\/goiana.pe.leg.br\/portal\/wp-content\/uploads\/2022\/02\/WhatsApp-Image-2022-02-02-at-18.17.27-709x1024.jpeg 709w, https:\/\/goiana.pe.leg.br\/portal\/wp-content\/uploads\/2022\/02\/WhatsApp-Image-2022-02-02-at-18.17.27-208x300.jpeg 208w, https:\/\/goiana.pe.leg.br\/portal\/wp-content\/uploads\/2022\/02\/WhatsApp-Image-2022-02-02-at-18.17.27-768x1109.jpeg 768w, https:\/\/goiana.pe.leg.br\/portal\/wp-content\/uploads\/2022\/02\/WhatsApp-Image-2022-02-02-at-18.17.27-1064x1536.jpeg 1064w, https:\/\/goiana.pe.leg.br\/portal\/wp-content\/uploads\/2022\/02\/WhatsApp-Image-2022-02-02-at-18.17.27-17x24.jpeg 17w, https:\/\/goiana.pe.leg.br\/portal\/wp-content\/uploads\/2022\/02\/WhatsApp-Image-2022-02-02-at-18.17.27-25x36.jpeg 25w, https:\/\/goiana.pe.leg.br\/portal\/wp-content\/uploads\/2022\/02\/WhatsApp-Image-2022-02-02-at-18.17.27-33x48.jpeg 33w, https:\/\/goiana.pe.leg.br\/portal\/wp-content\/uploads\/2022\/02\/WhatsApp-Image-2022-02-02-at-18.17.27.jpeg 1108w\" sizes=\"auto, (max-width: 709px) 100vw, 709px\" \/><\/figure>\n","protected":false},"excerpt":{"rendered":"","protected":false},"author":2,"featured_media":0,"comment_status":"closed","ping_status":"closed","sticky":false,"template":"","format":"standard","meta":{"_monsterinsights_skip_tracking":false,"_monsterinsights_sitenote_active":false,"_monsterinsights_sitenote_note":"","_monsterinsights_sitenote_category":0,"footnotes":""},"categories":[14],"tags":[],"class_list":["post-2098","post","type-post","status-publish","format-standard","hentry","category-cmgeditaisdelicitacao","entry"],"featured_image_urls":{"full":"","thumbnail":"","medium":"","medium_large":"","large":"","1536x1536":"","2048x2048":"","post-thumbnail":"","menu-24x24":"","menu-36x36":"","menu-48x48":""},"author_info":{"info":["Felipe Andrade"]},"category_info":"<a href=\"https:\/\/goiana.pe.leg.br\/portal\/?cat=14\" rel=\"category\">Editais<\/a>","tag_info":"Editais","comment_count":"0","_links":{"self":[{"href":"https:\/\/goiana.pe.leg.br\/portal\/index.php?rest_route=\/wp\/v2\/posts\/2098","targetHints":{"allow":["GET"]}}],"collection":[{"href":"https:\/\/goiana.pe.leg.br\/portal\/index.php?rest_route=\/wp\/v2\/posts"}],"about":[{"href":"https:\/\/goiana.pe.leg.br\/portal\/index.php?rest_route=\/wp\/v2\/types\/post"}],"author":[{"embeddable":true,"href":"https:\/\/goiana.pe.leg.br\/portal\/index.php?rest_route=\/wp\/v2\/users\/2"}],"replies":[{"embeddable":true,"href":"https:\/\/goiana.pe.leg.br\/portal\/index.php?rest_route=%2Fwp%2Fv2%2Fcomments&post=2098"}],"version-history":[{"count":0,"href":"https:\/\/goiana.pe.leg.br\/portal\/index.php?rest_route=\/wp\/v2\/posts\/2098\/revisions"}],"wp:attachment":[{"href":"https:\/\/goiana.pe.leg.br\/portal\/index.php?rest_route=%2Fwp%2Fv2%2Fmedia&parent=2098"}],"wp:term":[{"taxonomy":"category","embeddable":true,"href":"https:\/\/goiana.pe.leg.br\/portal\/index.php?rest_route=%2Fwp%2Fv2%2Fcategories&post=2098"},{"taxonomy":"post_tag","embeddable":true,"href":"https:\/\/goiana.pe.leg.br\/portal\/index.php?rest_route=%2Fwp%2Fv2%2Ftags&post=2098"}],"curies":[{"name":"wp","href":"https:\/\/api.w.org\/{rel}","templated":true}]}}