{"id":2103,"date":"2022-02-14T13:00:09","date_gmt":"2022-02-14T13:00:09","guid":{"rendered":"https:\/\/goiana.pe.leg.br\/?p=2103"},"modified":"2022-02-14T13:00:09","modified_gmt":"2022-02-14T13:00:09","slug":"sessao-solene-marca-abertura-dos-trabalhos-legislativos-em-2022","status":"publish","type":"post","link":"https:\/\/goiana.pe.leg.br\/portal\/?p=2103","title":{"rendered":"SESS\u00c3O SOLENE MARCA ABERTURA DOS TRABALHOS LEGISLATIVOS, EM 2022"},"content":{"rendered":"\n<div class=\"wp-block-columns is-layout-flex wp-container-core-columns-is-layout-28f84493 wp-block-columns-is-layout-flex\">\n<div class=\"wp-block-column is-layout-flow wp-block-column-is-layout-flow\" style=\"flex-basis:100%\">\n<figure class=\"wp-block-gallery columns-1 is-cropped wp-block-gallery-1 is-layout-flex wp-block-gallery-is-layout-flex\"><ul class=\"blocks-gallery-grid\"><li class=\"blocks-gallery-item\"><figure><img loading=\"lazy\" decoding=\"async\" width=\"818\" height=\"445\" src=\"https:\/\/goiana.pe.leg.br\/portal\/wp-content\/uploads\/2022\/02\/WhatsApp-Image-2022-02-14-at-10.23.42.jpeg\" alt=\"\" data-id=\"2121\" data-full-url=\"https:\/\/goiana.pe.leg.br\/portal\/wp-content\/uploads\/2022\/02\/WhatsApp-Image-2022-02-14-at-10.23.42.jpeg\" data-link=\"https:\/\/goiana.pe.leg.br\/sessao-solene-marca-abertura-dos-trabalhos-legislativos-em-2022\/whatsapp-image-2022-02-14-at-10-23-42\/\" class=\"wp-image-2121\" srcset=\"https:\/\/goiana.pe.leg.br\/portal\/wp-content\/uploads\/2022\/02\/WhatsApp-Image-2022-02-14-at-10.23.42.jpeg 818w, https:\/\/goiana.pe.leg.br\/portal\/wp-content\/uploads\/2022\/02\/WhatsApp-Image-2022-02-14-at-10.23.42-300x163.jpeg 300w, https:\/\/goiana.pe.leg.br\/portal\/wp-content\/uploads\/2022\/02\/WhatsApp-Image-2022-02-14-at-10.23.42-768x418.jpeg 768w, https:\/\/goiana.pe.leg.br\/portal\/wp-content\/uploads\/2022\/02\/WhatsApp-Image-2022-02-14-at-10.23.42-24x13.jpeg 24w, https:\/\/goiana.pe.leg.br\/portal\/wp-content\/uploads\/2022\/02\/WhatsApp-Image-2022-02-14-at-10.23.42-36x20.jpeg 36w, https:\/\/goiana.pe.leg.br\/portal\/wp-content\/uploads\/2022\/02\/WhatsApp-Image-2022-02-14-at-10.23.42-48x26.jpeg 48w\" sizes=\"auto, (max-width: 818px) 100vw, 818px\" \/><\/figure><\/li><\/ul><\/figure>\n<\/div>\n<\/div>\n\n\n\n<p>Na quarta-feira (02\/02) a noite, na Casa Jos\u00e9 Pinto de Abreu, foi realizada a Sess\u00e3o Solene para instala\u00e7\u00e3o do 2\u00ba Ano Legislativo Ordin\u00e1rio, da 18\u00aa Legislatura da C\u00e2mara Municipal de Goiana<\/p>\n\n\n\n<p>Al\u00e9m de todos os vereadores, tamb\u00e9m estiveram presentes na solenidade o prefeito de Goiana, Eduardo Hon\u00f3rio, a secret\u00e1ria de Sa\u00fade, L\u00edcia Maciel, o chefe de Gabinete, Rayan Ritchelle, o presidente da Ag\u00eancia de Desenvolvimento de Goiana (AD Goiana), Carlos Torres Filho, o secret\u00e1rio de Comunica\u00e7\u00e3o, Marcos Arraes, o empres\u00e1rio e not\u00e1vel desportista goianense, Gilberto Miranda, que dever\u00e1 comandar a Secretaria de Esportes, entre outras autoridades municipais.<\/p>\n\n\n\n<p>Na oportunidade, secret\u00e1rios municipais realizaram presta\u00e7\u00f5es de contas do ano de 2021 e apresenta\u00e7\u00f5es do planejamento estrat\u00e9gico para o ano de 2022, com destaque para a secret\u00e1ria de Sa\u00fade, L\u00edcia Maciel, que mesmo durante a pandemia, conseguiu apresentar significativas melhorias dos indicadores que avaliam o desempenho da sa\u00fade municipal.<\/p>\n\n\n\n<p>O presidente da C\u00e2mara, Eduardo Batista, ainda parabenizou o prefeito Eduardo Hon\u00f3rio pela escolha do amigo, empres\u00e1rio e grande desportista, Gilberto Miranda, para comandar a futura Secretaria Municipal de Esportes. De acordo com o presidente do Poder Legislativo, com a cria\u00e7\u00e3o da nova pasta a expectativa \u00e9 de que o esporte goianense possa se desenvolver.<\/p>\n\n\n\n<figure class=\"wp-block-gallery columns-3 is-cropped wp-block-gallery-2 is-layout-flex wp-block-gallery-is-layout-flex\"><ul class=\"blocks-gallery-grid\"><li class=\"blocks-gallery-item\"><figure><img loading=\"lazy\" decoding=\"async\" width=\"768\" height=\"1024\" src=\"https:\/\/goiana.pe.leg.br\/portal\/wp-content\/uploads\/2022\/02\/WhatsApp-Image-2022-02-14-at-09.46.45.jpeg\" alt=\"\" data-id=\"2108\" data-full-url=\"https:\/\/goiana.pe.leg.br\/portal\/wp-content\/uploads\/2022\/02\/WhatsApp-Image-2022-02-14-at-09.46.45.jpeg\" data-link=\"https:\/\/goiana.pe.leg.br\/?attachment_id=2108\" class=\"wp-image-2108\" srcset=\"https:\/\/goiana.pe.leg.br\/portal\/wp-content\/uploads\/2022\/02\/WhatsApp-Image-2022-02-14-at-09.46.45.jpeg 768w, https:\/\/goiana.pe.leg.br\/portal\/wp-content\/uploads\/2022\/02\/WhatsApp-Image-2022-02-14-at-09.46.45-225x300.jpeg 225w, https:\/\/goiana.pe.leg.br\/portal\/wp-content\/uploads\/2022\/02\/WhatsApp-Image-2022-02-14-at-09.46.45-18x24.jpeg 18w, https:\/\/goiana.pe.leg.br\/portal\/wp-content\/uploads\/2022\/02\/WhatsApp-Image-2022-02-14-at-09.46.45-27x36.jpeg 27w, https:\/\/goiana.pe.leg.br\/portal\/wp-content\/uploads\/2022\/02\/WhatsApp-Image-2022-02-14-at-09.46.45-36x48.jpeg 36w\" sizes=\"auto, (max-width: 768px) 100vw, 768px\" \/><\/figure><\/li><li class=\"blocks-gallery-item\"><figure><img loading=\"lazy\" decoding=\"async\" width=\"768\" height=\"1024\" src=\"https:\/\/goiana.pe.leg.br\/portal\/wp-content\/uploads\/2022\/02\/WhatsApp-Image-2022-02-14-at-09.46.14.jpeg\" alt=\"\" data-id=\"2109\" data-full-url=\"https:\/\/goiana.pe.leg.br\/portal\/wp-content\/uploads\/2022\/02\/WhatsApp-Image-2022-02-14-at-09.46.14.jpeg\" data-link=\"https:\/\/goiana.pe.leg.br\/?attachment_id=2109\" class=\"wp-image-2109\" srcset=\"https:\/\/goiana.pe.leg.br\/portal\/wp-content\/uploads\/2022\/02\/WhatsApp-Image-2022-02-14-at-09.46.14.jpeg 768w, https:\/\/goiana.pe.leg.br\/portal\/wp-content\/uploads\/2022\/02\/WhatsApp-Image-2022-02-14-at-09.46.14-225x300.jpeg 225w, https:\/\/goiana.pe.leg.br\/portal\/wp-content\/uploads\/2022\/02\/WhatsApp-Image-2022-02-14-at-09.46.14-18x24.jpeg 18w, https:\/\/goiana.pe.leg.br\/portal\/wp-content\/uploads\/2022\/02\/WhatsApp-Image-2022-02-14-at-09.46.14-27x36.jpeg 27w, https:\/\/goiana.pe.leg.br\/portal\/wp-content\/uploads\/2022\/02\/WhatsApp-Image-2022-02-14-at-09.46.14-36x48.jpeg 36w\" sizes=\"auto, (max-width: 768px) 100vw, 768px\" \/><\/figure><\/li><li class=\"blocks-gallery-item\"><figure><img loading=\"lazy\" decoding=\"async\" width=\"768\" height=\"1024\" src=\"https:\/\/goiana.pe.leg.br\/portal\/wp-content\/uploads\/2022\/02\/WhatsApp-Image-2022-02-14-at-09.45.52.jpeg\" alt=\"\" data-id=\"2110\" data-full-url=\"https:\/\/goiana.pe.leg.br\/portal\/wp-content\/uploads\/2022\/02\/WhatsApp-Image-2022-02-14-at-09.45.52.jpeg\" data-link=\"https:\/\/goiana.pe.leg.br\/?attachment_id=2110\" class=\"wp-image-2110\" srcset=\"https:\/\/goiana.pe.leg.br\/portal\/wp-content\/uploads\/2022\/02\/WhatsApp-Image-2022-02-14-at-09.45.52.jpeg 768w, https:\/\/goiana.pe.leg.br\/portal\/wp-content\/uploads\/2022\/02\/WhatsApp-Image-2022-02-14-at-09.45.52-225x300.jpeg 225w, https:\/\/goiana.pe.leg.br\/portal\/wp-content\/uploads\/2022\/02\/WhatsApp-Image-2022-02-14-at-09.45.52-18x24.jpeg 18w, https:\/\/goiana.pe.leg.br\/portal\/wp-content\/uploads\/2022\/02\/WhatsApp-Image-2022-02-14-at-09.45.52-27x36.jpeg 27w, https:\/\/goiana.pe.leg.br\/portal\/wp-content\/uploads\/2022\/02\/WhatsApp-Image-2022-02-14-at-09.45.52-36x48.jpeg 36w\" sizes=\"auto, (max-width: 768px) 100vw, 768px\" \/><\/figure><\/li><li class=\"blocks-gallery-item\"><figure><img loading=\"lazy\" decoding=\"async\" width=\"768\" height=\"1024\" src=\"https:\/\/goiana.pe.leg.br\/portal\/wp-content\/uploads\/2022\/02\/WhatsApp-Image-2022-02-14-at-09.45.16.jpeg\" alt=\"\" data-id=\"2111\" data-full-url=\"https:\/\/goiana.pe.leg.br\/portal\/wp-content\/uploads\/2022\/02\/WhatsApp-Image-2022-02-14-at-09.45.16.jpeg\" data-link=\"https:\/\/goiana.pe.leg.br\/?attachment_id=2111\" class=\"wp-image-2111\" srcset=\"https:\/\/goiana.pe.leg.br\/portal\/wp-content\/uploads\/2022\/02\/WhatsApp-Image-2022-02-14-at-09.45.16.jpeg 768w, https:\/\/goiana.pe.leg.br\/portal\/wp-content\/uploads\/2022\/02\/WhatsApp-Image-2022-02-14-at-09.45.16-225x300.jpeg 225w, https:\/\/goiana.pe.leg.br\/portal\/wp-content\/uploads\/2022\/02\/WhatsApp-Image-2022-02-14-at-09.45.16-18x24.jpeg 18w, https:\/\/goiana.pe.leg.br\/portal\/wp-content\/uploads\/2022\/02\/WhatsApp-Image-2022-02-14-at-09.45.16-27x36.jpeg 27w, https:\/\/goiana.pe.leg.br\/portal\/wp-content\/uploads\/2022\/02\/WhatsApp-Image-2022-02-14-at-09.45.16-36x48.jpeg 36w\" sizes=\"auto, (max-width: 768px) 100vw, 768px\" \/><\/figure><\/li><li class=\"blocks-gallery-item\"><figure><img loading=\"lazy\" decoding=\"async\" width=\"768\" height=\"1024\" src=\"https:\/\/goiana.pe.leg.br\/portal\/wp-content\/uploads\/2022\/02\/WhatsApp-Image-2022-02-14-at-09.44.59.jpeg\" alt=\"\" data-id=\"2112\" data-full-url=\"https:\/\/goiana.pe.leg.br\/portal\/wp-content\/uploads\/2022\/02\/WhatsApp-Image-2022-02-14-at-09.44.59.jpeg\" data-link=\"https:\/\/goiana.pe.leg.br\/?attachment_id=2112\" class=\"wp-image-2112\" srcset=\"https:\/\/goiana.pe.leg.br\/portal\/wp-content\/uploads\/2022\/02\/WhatsApp-Image-2022-02-14-at-09.44.59.jpeg 768w, https:\/\/goiana.pe.leg.br\/portal\/wp-content\/uploads\/2022\/02\/WhatsApp-Image-2022-02-14-at-09.44.59-225x300.jpeg 225w, https:\/\/goiana.pe.leg.br\/portal\/wp-content\/uploads\/2022\/02\/WhatsApp-Image-2022-02-14-at-09.44.59-18x24.jpeg 18w, https:\/\/goiana.pe.leg.br\/portal\/wp-content\/uploads\/2022\/02\/WhatsApp-Image-2022-02-14-at-09.44.59-27x36.jpeg 27w, https:\/\/goiana.pe.leg.br\/portal\/wp-content\/uploads\/2022\/02\/WhatsApp-Image-2022-02-14-at-09.44.59-36x48.jpeg 36w\" sizes=\"auto, (max-width: 768px) 100vw, 768px\" \/><\/figure><\/li><li class=\"blocks-gallery-item\"><figure><img loading=\"lazy\" decoding=\"async\" width=\"768\" height=\"1024\" src=\"https:\/\/goiana.pe.leg.br\/portal\/wp-content\/uploads\/2022\/02\/WhatsApp-Image-2022-02-14-at-09.44.32.jpeg\" alt=\"\" data-id=\"2113\" data-full-url=\"https:\/\/goiana.pe.leg.br\/portal\/wp-content\/uploads\/2022\/02\/WhatsApp-Image-2022-02-14-at-09.44.32.jpeg\" data-link=\"https:\/\/goiana.pe.leg.br\/?attachment_id=2113\" class=\"wp-image-2113\" srcset=\"https:\/\/goiana.pe.leg.br\/portal\/wp-content\/uploads\/2022\/02\/WhatsApp-Image-2022-02-14-at-09.44.32.jpeg 768w, https:\/\/goiana.pe.leg.br\/portal\/wp-content\/uploads\/2022\/02\/WhatsApp-Image-2022-02-14-at-09.44.32-225x300.jpeg 225w, https:\/\/goiana.pe.leg.br\/portal\/wp-content\/uploads\/2022\/02\/WhatsApp-Image-2022-02-14-at-09.44.32-18x24.jpeg 18w, https:\/\/goiana.pe.leg.br\/portal\/wp-content\/uploads\/2022\/02\/WhatsApp-Image-2022-02-14-at-09.44.32-27x36.jpeg 27w, https:\/\/goiana.pe.leg.br\/portal\/wp-content\/uploads\/2022\/02\/WhatsApp-Image-2022-02-14-at-09.44.32-36x48.jpeg 36w\" sizes=\"auto, (max-width: 768px) 100vw, 768px\" \/><\/figure><\/li><li class=\"blocks-gallery-item\"><figure><img loading=\"lazy\" decoding=\"async\" width=\"768\" height=\"1024\" src=\"https:\/\/goiana.pe.leg.br\/portal\/wp-content\/uploads\/2022\/02\/WhatsApp-Image-2022-02-14-at-09.44.03.jpeg\" alt=\"\" data-id=\"2114\" data-full-url=\"https:\/\/goiana.pe.leg.br\/portal\/wp-content\/uploads\/2022\/02\/WhatsApp-Image-2022-02-14-at-09.44.03.jpeg\" data-link=\"https:\/\/goiana.pe.leg.br\/?attachment_id=2114\" class=\"wp-image-2114\" srcset=\"https:\/\/goiana.pe.leg.br\/portal\/wp-content\/uploads\/2022\/02\/WhatsApp-Image-2022-02-14-at-09.44.03.jpeg 768w, https:\/\/goiana.pe.leg.br\/portal\/wp-content\/uploads\/2022\/02\/WhatsApp-Image-2022-02-14-at-09.44.03-225x300.jpeg 225w, https:\/\/goiana.pe.leg.br\/portal\/wp-content\/uploads\/2022\/02\/WhatsApp-Image-2022-02-14-at-09.44.03-18x24.jpeg 18w, https:\/\/goiana.pe.leg.br\/portal\/wp-content\/uploads\/2022\/02\/WhatsApp-Image-2022-02-14-at-09.44.03-27x36.jpeg 27w, https:\/\/goiana.pe.leg.br\/portal\/wp-content\/uploads\/2022\/02\/WhatsApp-Image-2022-02-14-at-09.44.03-36x48.jpeg 36w\" sizes=\"auto, (max-width: 768px) 100vw, 768px\" \/><\/figure><\/li><li class=\"blocks-gallery-item\"><figure><img loading=\"lazy\" decoding=\"async\" width=\"768\" height=\"1024\" src=\"https:\/\/goiana.pe.leg.br\/portal\/wp-content\/uploads\/2022\/02\/WhatsApp-Image-2022-02-14-at-09.43.39.jpeg\" alt=\"\" data-id=\"2115\" data-full-url=\"https:\/\/goiana.pe.leg.br\/portal\/wp-content\/uploads\/2022\/02\/WhatsApp-Image-2022-02-14-at-09.43.39.jpeg\" data-link=\"https:\/\/goiana.pe.leg.br\/?attachment_id=2115\" class=\"wp-image-2115\" srcset=\"https:\/\/goiana.pe.leg.br\/portal\/wp-content\/uploads\/2022\/02\/WhatsApp-Image-2022-02-14-at-09.43.39.jpeg 768w, https:\/\/goiana.pe.leg.br\/portal\/wp-content\/uploads\/2022\/02\/WhatsApp-Image-2022-02-14-at-09.43.39-225x300.jpeg 225w, https:\/\/goiana.pe.leg.br\/portal\/wp-content\/uploads\/2022\/02\/WhatsApp-Image-2022-02-14-at-09.43.39-18x24.jpeg 18w, https:\/\/goiana.pe.leg.br\/portal\/wp-content\/uploads\/2022\/02\/WhatsApp-Image-2022-02-14-at-09.43.39-27x36.jpeg 27w, https:\/\/goiana.pe.leg.br\/portal\/wp-content\/uploads\/2022\/02\/WhatsApp-Image-2022-02-14-at-09.43.39-36x48.jpeg 36w\" sizes=\"auto, (max-width: 768px) 100vw, 768px\" \/><\/figure><\/li><\/ul><\/figure>\n\n\n\n<p><\/p>\n","protected":false},"excerpt":{"rendered":"<p>Na quarta-feira (02\/02) a noite, na Casa Jos\u00e9 Pinto de Abreu, foi realizada a Sess\u00e3o Solene para instala\u00e7\u00e3o do 2\u00ba Ano Legislativo Ordin\u00e1rio, da 18\u00aa Legislatura da C\u00e2mara Municipal de Goiana Al\u00e9m de todos os vereadores, tamb\u00e9m estiveram presentes na solenidade o prefeito de Goiana, Eduardo Hon\u00f3rio, a secret\u00e1ria de Sa\u00fade, L\u00edcia Maciel, o chefe&hellip; <a class=\"more-link\" href=\"https:\/\/goiana.pe.leg.br\/portal\/?p=2103\">Continue lendo <span class=\"screen-reader-text\">SESS\u00c3O SOLENE MARCA ABERTURA DOS TRABALHOS LEGISLATIVOS, EM 2022<\/span><\/a><\/p>\n","protected":false},"author":2,"featured_media":2121,"comment_status":"closed","ping_status":"closed","sticky":false,"template":"","format":"standard","meta":{"_monsterinsights_skip_tracking":false,"_monsterinsights_sitenote_active":false,"_monsterinsights_sitenote_note":"","_monsterinsights_sitenote_category":0,"footnotes":""},"categories":[22],"tags":[],"class_list":["post-2103","post","type-post","status-publish","format-standard","has-post-thumbnail","hentry","category-acoe","entry"],"featured_image_urls":{"full":["https:\/\/goiana.pe.leg.br\/portal\/wp-content\/uploads\/2022\/02\/WhatsApp-Image-2022-02-14-at-10.23.42.jpeg",818,445,false],"thumbnail":["https:\/\/goiana.pe.leg.br\/portal\/wp-content\/uploads\/2022\/02\/WhatsApp-Image-2022-02-14-at-10.23.42-150x150.jpeg",150,150,true],"medium":["https:\/\/goiana.pe.leg.br\/portal\/wp-content\/uploads\/2022\/02\/WhatsApp-Image-2022-02-14-at-10.23.42-300x163.jpeg",300,163,true],"medium_large":["https:\/\/goiana.pe.leg.br\/portal\/wp-content\/uploads\/2022\/02\/WhatsApp-Image-2022-02-14-at-10.23.42-768x418.jpeg",768,418,true],"large":["https:\/\/goiana.pe.leg.br\/portal\/wp-content\/uploads\/2022\/02\/WhatsApp-Image-2022-02-14-at-10.23.42.jpeg",818,445,false],"1536x1536":["https:\/\/goiana.pe.leg.br\/portal\/wp-content\/uploads\/2022\/02\/WhatsApp-Image-2022-02-14-at-10.23.42.jpeg",818,445,false],"2048x2048":["https:\/\/goiana.pe.leg.br\/portal\/wp-content\/uploads\/2022\/02\/WhatsApp-Image-2022-02-14-at-10.23.42.jpeg",818,445,false],"post-thumbnail":["https:\/\/goiana.pe.leg.br\/portal\/wp-content\/uploads\/2022\/02\/WhatsApp-Image-2022-02-14-at-10.23.42.jpeg",818,445,false],"menu-24x24":["https:\/\/goiana.pe.leg.br\/portal\/wp-content\/uploads\/2022\/02\/WhatsApp-Image-2022-02-14-at-10.23.42-24x13.jpeg",24,13,true],"menu-36x36":["https:\/\/goiana.pe.leg.br\/portal\/wp-content\/uploads\/2022\/02\/WhatsApp-Image-2022-02-14-at-10.23.42-36x20.jpeg",36,20,true],"menu-48x48":["https:\/\/goiana.pe.leg.br\/portal\/wp-content\/uploads\/2022\/02\/WhatsApp-Image-2022-02-14-at-10.23.42-48x26.jpeg",48,26,true]},"author_info":{"info":["Felipe Andrade"]},"category_info":"<a href=\"https:\/\/goiana.pe.leg.br\/portal\/?cat=22\" rel=\"category\">Mat\u00e9rias<\/a>","tag_info":"Mat\u00e9rias","comment_count":"0","_links":{"self":[{"href":"https:\/\/goiana.pe.leg.br\/portal\/index.php?rest_route=\/wp\/v2\/posts\/2103","targetHints":{"allow":["GET"]}}],"collection":[{"href":"https:\/\/goiana.pe.leg.br\/portal\/index.php?rest_route=\/wp\/v2\/posts"}],"about":[{"href":"https:\/\/goiana.pe.leg.br\/portal\/index.php?rest_route=\/wp\/v2\/types\/post"}],"author":[{"embeddable":true,"href":"https:\/\/goiana.pe.leg.br\/portal\/index.php?rest_route=\/wp\/v2\/users\/2"}],"replies":[{"embeddable":true,"href":"https:\/\/goiana.pe.leg.br\/portal\/index.php?rest_route=%2Fwp%2Fv2%2Fcomments&post=2103"}],"version-history":[{"count":0,"href":"https:\/\/goiana.pe.leg.br\/portal\/index.php?rest_route=\/wp\/v2\/posts\/2103\/revisions"}],"wp:featuredmedia":[{"embeddable":true,"href":"https:\/\/goiana.pe.leg.br\/portal\/index.php?rest_route=\/wp\/v2\/media\/2121"}],"wp:attachment":[{"href":"https:\/\/goiana.pe.leg.br\/portal\/index.php?rest_route=%2Fwp%2Fv2%2Fmedia&parent=2103"}],"wp:term":[{"taxonomy":"category","embeddable":true,"href":"https:\/\/goiana.pe.leg.br\/portal\/index.php?rest_route=%2Fwp%2Fv2%2Fcategories&post=2103"},{"taxonomy":"post_tag","embeddable":true,"href":"https:\/\/goiana.pe.leg.br\/portal\/index.php?rest_route=%2Fwp%2Fv2%2Ftags&post=2103"}],"curies":[{"name":"wp","href":"https:\/\/api.w.org\/{rel}","templated":true}]}}