{"id":2105,"date":"2022-02-08T13:37:30","date_gmt":"2022-02-08T13:37:30","guid":{"rendered":"https:\/\/goiana.pe.leg.br\/?p=2105"},"modified":"2022-02-08T13:37:30","modified_gmt":"2022-02-08T13:37:30","slug":"2a-segunda-reuniao-ordinaria-do-2o-ano-da-18a-legislatura-da-camara-municipal-de-goiana-em-08-de-fevereiro-de-2022","status":"publish","type":"post","link":"https:\/\/goiana.pe.leg.br\/portal\/?p=2105","title":{"rendered":"Ordem do Dia &#8211; 08\/02\/2022"},"content":{"rendered":"\n<p><\/p>\n\n\n\n<p><strong>ORDEM DO DIA<\/strong><\/p>\n\n\n\n<p><a><strong>2\u00aa Discuss\u00e3o do Projeto de Decreto Legislativo n\u00ba 005\/2019<\/strong><\/a><\/p>\n\n\n\n<p><strong>Autor: Ex-Vereadora Olga Sena<\/strong><\/p>\n\n\n\n<p>Concede T\u00edtulo de Cidadania Honor\u00e1ria de Goiana ao Sr. Josemar Leite de Brito e d\u00e1 outras provid\u00eancias.<\/p>\n\n\n\n<p><strong>_______________________________________________________________________<\/strong><\/p>\n\n\n\n<p><a><strong>2\u00aa Discuss\u00e3o do Projeto de Decreto Legislativo n\u00ba 019\/2021<\/strong><\/a><\/p>\n\n\n\n<p><strong>Autor: Ver. Renato Sandr\u00e9<\/strong><\/p>\n\n\n\n<p>Concede T\u00edtulo de Cidadania Honor\u00e1ria de Goiana ao Dr. Marcos Jos\u00e9 Rodrigues C\u00e9sar de Albuquerque e d\u00e1 outras provid\u00eancias.<\/p>\n\n\n\n<p><strong>_______________________________________________________________________<\/strong><\/p>\n\n\n\n<p><strong>1\u00aa Discuss\u00e3o do Projeto de Lei n\u00ba 059\/2021<\/strong><\/p>\n\n\n\n<p><strong>Autor: Ver. Pedro Henrique<\/strong><\/p>\n\n\n\n<p>Institui o Sistema de Acessibilidade nas Praias do Munic\u00edpio de Goiana, denominado \u201cPraias Acess\u00edveis\u201d, e d\u00e1 outras provid\u00eancias.<\/p>\n\n\n\n<p>Parecer favor\u00e1vel da Comiss\u00e3o de Constitui\u00e7\u00e3o, Justi\u00e7a e Reda\u00e7\u00e3o<\/p>\n\n\n\n<p>Publicado em 03 de fevereiro de 2022<\/p>\n\n\n\n<p><strong>_______________________________________________________________________<\/strong><\/p>\n\n\n\n<p><strong>Discuss\u00e3o \u00danica do Requerimento n\u00ba 002\/2022<\/strong><\/p>\n\n\n\n<p><strong>Autor: Vereador Carlos Vi\u00e9gas J\u00fanior<\/strong><\/p>\n\n\n\n<p>Requer \u00e0 Mesa, que seja enviado Of\u00edcio ao Governador de Pernambuco, Sr. Paulo C\u00e2mara, e ao Secret\u00e1rio Estadual de Defesa Social, Sr. Humberto Freire de Barros, solicitando as provid\u00eancias cab\u00edveis para a reativa\u00e7\u00e3o do Posto Policial do povoado de S\u00e3o Louren\u00e7o, em Goiana.<\/p>\n\n\n\n<p>Publicado em 03 de fevereiro de 2022<\/p>\n\n\n\n<p><a><strong>Discuss\u00e3o \u00danica do Requerimento n\u00ba 003\/2022<\/strong><\/a><\/p>\n\n\n\n<p><strong>Autor: Vereador Andr\u00e9 Rabic\u00f3<\/strong><\/p>\n\n\n\n<p>Requer \u00e0 Mesa, que consignado Voto de Aplausos ao Senhor Riosivaldo Feliciano de S\u00e1, pelo excelente trabalho que desempenha, como enfermeiro, na unidade de sa\u00fade do Engenho Ubu, em Goiana.<\/p>\n\n\n\n<p>Publicado em 03 de fevereiro de 2022<\/p>\n\n\n\n<p><strong>_______________________________________________________________________<\/strong><\/p>\n\n\n\n<p><strong>Discuss\u00e3o \u00danica da Indica\u00e7\u00e3o n\u00ba 001\/2022<\/strong><\/p>\n\n\n\n<p><strong>Autor: Vereador M\u00e1rio do Peixe<\/strong><\/p>\n\n\n\n<p>Indica \u00e0 Mesa, <a>que seja enviado Of\u00edcio ao prefeito do Munic\u00edpio, solicitando que seja realizado a implanta\u00e7\u00e3o <\/a>de saneamento b\u00e1sico e cal\u00e7amento na Estrada Velho do Condado, na Macaibeira, neste Munic\u00edpio.<\/p>\n\n\n\n<p>Publicado em 03 de fevereiro de 2022<\/p>\n\n\n\n<p><strong>_______________________________________________________________________<\/strong><\/p>\n\n\n\n<p><a><strong>Discuss\u00e3o \u00danica da Indica\u00e7\u00e3o n\u00ba 003\/2022<\/strong><\/a><\/p>\n\n\n\n<p><strong>Autor: Vereador Renato Sandr\u00e9<\/strong><\/p>\n\n\n\n<p>Indicaao prefeito do Munic\u00edpio, que seja providenciada com urg\u00eancia, junto ao Secret\u00e1rio de Seguran\u00e7a Cidad\u00e3, Tr\u00e2nsito e Transportes (Sestrans), a pintura de todos os redutores de velocidade (quebra-molas) localizados na cidade de Goiana e distritos.<\/p>\n\n\n\n<p>Publicado em 03 de fevereiro de 2022<\/p>\n\n\n\n<p><strong>_______________________________________________________________________<\/strong><\/p>\n\n\n\n<p><a><strong>Discuss\u00e3o \u00danica da Indica\u00e7\u00e3o n\u00ba 004\/2022<\/strong><\/a><\/p>\n\n\n\n<p><strong>Autor: Vereador Ibson Gouveia<\/strong><\/p>\n\n\n\n<p>Indica\u00e0 Mesa, que seja que seja enviado Of\u00edcio ao prefeito do Munic\u00edpio, solicitando que seja realizado a implanta\u00e7\u00e3o de pavimenta\u00e7\u00e3o asf\u00e1ltica nas referidas ruas que t\u00eam acesso \u00e0 PE-75, em Goiana: Rua do Bom Jesus, Rua Jos\u00e9 Raul Siqueira, Rua da Massangana, Rua do Bom Neg\u00f3cio, Avenida S\u00e3o Luiz, Estrada Antiga Jo\u00e3o Pessoa, Loteamento Santa Em\u00edia, Rua Almeida Jo\u00e3o In\u00e1cio, Rua do Sindicato, Rua da Subesta\u00e7\u00e3o, Travessa Santo Antonio, Rua Manoel Carlos de Mendon\u00e7a, Rua da Cruz, Rua do Supermercado Alves, Rua do Arame, Rua Professor M\u00e1rio Rodrigues do Nascimento e Rua S\u00e3o Pedro.<\/p>\n\n\n\n<p>Publicado em 03 de fevereiro de 2022<\/p>\n\n\n\n<p><strong>Discuss\u00e3o \u00danica da Indica\u00e7\u00e3o n\u00ba 007\/2022<\/strong><\/p>\n\n\n\n<p><strong>Autor: Vereador Eduardo Batista<\/strong><\/p>\n\n\n\n<p>Indica \u00e0 Mesa, que seja enviado Of\u00edcio ao prefeito do Munic\u00edpio, apontando a urgente necessidade de providenciar a coloca\u00e7\u00e3o das placas denominativas das ruas, avenidas, pra\u00e7as e pr\u00e9dios p\u00fablicos, assim como a renumera\u00e7\u00e3o dos im\u00f3veis de todo o munic\u00edpio de Goiana, como determina a Lei Org\u00e2nica do Munic\u00edpio.<\/p>\n\n\n\n<p>Publicado em 03 de fevereiro de 2022<\/p>\n\n\n\n<p><strong>_______________________________________________________________________<\/strong><\/p>\n\n\n\n<p><a><strong>Discuss\u00e3o \u00danica da Indica\u00e7\u00e3o n\u00ba 008\/2022<\/strong><\/a><\/p>\n\n\n\n<p><strong>Autor: Vereadora Ana Diamante<\/strong><\/p>\n\n\n\n<p>Indica \u00e0 Mesa, que seja enviado Of\u00edcio ao prefeito do Munic\u00edpio, versando sobre a constru\u00e7\u00e3o de uma escola no Engenho Mussumbu, em Goiana.<\/p>\n\n\n\n<p>Publicado em 03 de fevereiro de 2022<\/p>\n\n\n\n<p><strong>_______________________________________________________________________<\/strong><\/p>\n\n\n\n<p><strong>Discuss\u00e3o \u00danica da Indica\u00e7\u00e3o n\u00ba 011\/2022<\/strong><\/p>\n\n\n\n<p><strong>Autor: Vereador Bruno Salsa<\/strong><\/p>\n\n\n\n<p>Indica \u00e0 Mesa, que seja enviado Of\u00edcio ao prefeito do Munic\u00edpio, solicitando a realiza\u00e7\u00e3o dos servi\u00e7os de recapeamento asf\u00e1ltico do trecho que vai da Rua da Soledade at\u00e9 \u00e0 Estrada de Cima, em Goiana.<\/p>\n\n\n\n<p>Publicado em 03 de fevereiro de 2022<\/p>\n\n\n\n<p><strong>_______________________________________________________________________<\/strong><\/p>\n","protected":false},"excerpt":{"rendered":"<p>ORDEM DO DIA 2\u00aa Discuss\u00e3o do Projeto de Decreto Legislativo n\u00ba 005\/2019 Autor: Ex-Vereadora Olga Sena Concede T\u00edtulo de Cidadania Honor\u00e1ria de Goiana ao Sr. Josemar Leite de Brito e d\u00e1 outras provid\u00eancias. _______________________________________________________________________ 2\u00aa Discuss\u00e3o do Projeto de Decreto Legislativo n\u00ba 019\/2021 Autor: Ver. Renato Sandr\u00e9 Concede T\u00edtulo de Cidadania Honor\u00e1ria de Goiana ao&hellip; <a class=\"more-link\" href=\"https:\/\/goiana.pe.leg.br\/portal\/?p=2105\">Continue lendo <span class=\"screen-reader-text\">Ordem do Dia &#8211; 08\/02\/2022<\/span><\/a><\/p>\n","protected":false},"author":3,"featured_media":0,"comment_status":"closed","ping_status":"closed","sticky":false,"template":"","format":"standard","meta":{"_monsterinsights_skip_tracking":false,"_monsterinsights_sitenote_active":false,"_monsterinsights_sitenote_note":"","_monsterinsights_sitenote_category":0,"footnotes":""},"categories":[12],"tags":[],"class_list":["post-2105","post","type-post","status-publish","format-standard","hentry","category-ordem-do-dia","entry"],"featured_image_urls":{"full":"","thumbnail":"","medium":"","medium_large":"","large":"","1536x1536":"","2048x2048":"","post-thumbnail":"","menu-24x24":"","menu-36x36":"","menu-48x48":""},"author_info":{"info":["admin"]},"category_info":"<a href=\"https:\/\/goiana.pe.leg.br\/portal\/?cat=12\" rel=\"category\">Ordem do Dia<\/a>","tag_info":"Ordem do Dia","comment_count":"0","_links":{"self":[{"href":"https:\/\/goiana.pe.leg.br\/portal\/index.php?rest_route=\/wp\/v2\/posts\/2105","targetHints":{"allow":["GET"]}}],"collection":[{"href":"https:\/\/goiana.pe.leg.br\/portal\/index.php?rest_route=\/wp\/v2\/posts"}],"about":[{"href":"https:\/\/goiana.pe.leg.br\/portal\/index.php?rest_route=\/wp\/v2\/types\/post"}],"author":[{"embeddable":true,"href":"https:\/\/goiana.pe.leg.br\/portal\/index.php?rest_route=\/wp\/v2\/users\/3"}],"replies":[{"embeddable":true,"href":"https:\/\/goiana.pe.leg.br\/portal\/index.php?rest_route=%2Fwp%2Fv2%2Fcomments&post=2105"}],"version-history":[{"count":0,"href":"https:\/\/goiana.pe.leg.br\/portal\/index.php?rest_route=\/wp\/v2\/posts\/2105\/revisions"}],"wp:attachment":[{"href":"https:\/\/goiana.pe.leg.br\/portal\/index.php?rest_route=%2Fwp%2Fv2%2Fmedia&parent=2105"}],"wp:term":[{"taxonomy":"category","embeddable":true,"href":"https:\/\/goiana.pe.leg.br\/portal\/index.php?rest_route=%2Fwp%2Fv2%2Fcategories&post=2105"},{"taxonomy":"post_tag","embeddable":true,"href":"https:\/\/goiana.pe.leg.br\/portal\/index.php?rest_route=%2Fwp%2Fv2%2Ftags&post=2105"}],"curies":[{"name":"wp","href":"https:\/\/api.w.org\/{rel}","templated":true}]}}