{"id":2407,"date":"2022-06-01T16:42:09","date_gmt":"2022-06-01T16:42:09","guid":{"rendered":"https:\/\/goiana.pe.leg.br\/?p=2407"},"modified":"2022-06-01T16:42:09","modified_gmt":"2022-06-01T16:42:09","slug":"padre-magno-anacleto-recebera-medalha-jose-pinto-de-abreu","status":"publish","type":"post","link":"https:\/\/goiana.pe.leg.br\/portal\/?p=2407","title":{"rendered":"PADRE MAGNO ANACLETO RECEBER\u00c1 MEDALHA JOS\u00c9 PINTO DE ABREU"},"content":{"rendered":"\n<p>Atrav\u00e9s de uma iniciativa do presidente do Poder Legislativo, o vereador Eduardo Batista, a C\u00e2mara Municipal de Goiana ir\u00e1 conceder sua maior honraria, a Medalha Jos\u00e9 Pinto de Abreu, ao Padre Magno Anacleto, na pr\u00f3xima sexta-feira (03\/06), durante Sess\u00e3o Solene, que ser\u00e1 realizada \u00e0s 19h00, na C\u00e2mara Municipal. <\/p>\n\n\n\n<p>A honraria foi aprovada de forma un\u00e2nime por todos os parlamentares goianenses, atrav\u00e9s do Projeto de Decreto Legislativo N\u00ba 003\/2021, de autoria do vereador Eduardo Batista, que faz justi\u00e7a aos in\u00fameros servi\u00e7os prestados ao munic\u00edpio pelo l\u00edder religioso.<\/p>\n\n\n\n<p>Atual Vig\u00e1rio da Par\u00f3quia de Goiana, o Padre Magno Anacleto est\u00e1 se despedindo do munic\u00edpio nesta semana. Pois, ele assumir\u00e1 a fun\u00e7\u00e3o de P\u00e1roco da cidade de Carpina. E, o Poder Legislativo se junta a toda a comunidade cat\u00f3lica goianense para preparar uma emocionante homenagem, um gesto p\u00fablico de agradecimento por todos os servi\u00e7os prestados.<\/p>\n\n\n\n<p>O Poder Legislativo ir\u00e1 transmitir a Sess\u00e3o Solene, atrav\u00e9s do seu pr\u00f3prio site e dos seus perfis oficiais no Youtube e Facebook. <\/p>\n","protected":false},"excerpt":{"rendered":"<p>Atrav\u00e9s de uma iniciativa do presidente do Poder Legislativo, o vereador Eduardo Batista, a C\u00e2mara Municipal de Goiana ir\u00e1 conceder sua maior honraria, a Medalha Jos\u00e9 Pinto de Abreu, ao Padre Magno Anacleto, na pr\u00f3xima sexta-feira (03\/06), durante Sess\u00e3o Solene, que ser\u00e1 realizada \u00e0s 19h00, na C\u00e2mara Municipal. A honraria foi aprovada de forma un\u00e2nime&hellip; <a class=\"more-link\" href=\"https:\/\/goiana.pe.leg.br\/portal\/?p=2407\">Continue lendo <span class=\"screen-reader-text\">PADRE MAGNO ANACLETO RECEBER\u00c1 MEDALHA JOS\u00c9 PINTO DE ABREU<\/span><\/a><\/p>\n","protected":false},"author":2,"featured_media":2408,"comment_status":"closed","ping_status":"closed","sticky":false,"template":"","format":"standard","meta":{"_monsterinsights_skip_tracking":false,"_monsterinsights_sitenote_active":false,"_monsterinsights_sitenote_note":"","_monsterinsights_sitenote_category":0,"footnotes":""},"categories":[15,22,23],"tags":[],"class_list":["post-2407","post","type-post","status-publish","format-standard","has-post-thumbnail","hentry","category-destaque","category-acoe","category-noticias","entry"],"featured_image_urls":{"full":["https:\/\/goiana.pe.leg.br\/portal\/wp-content\/uploads\/2022\/06\/WhatsApp-Image-2022-06-01-at-13.36.42.jpeg",828,810,false],"thumbnail":["https:\/\/goiana.pe.leg.br\/portal\/wp-content\/uploads\/2022\/06\/WhatsApp-Image-2022-06-01-at-13.36.42-150x150.jpeg",150,150,true],"medium":["https:\/\/goiana.pe.leg.br\/portal\/wp-content\/uploads\/2022\/06\/WhatsApp-Image-2022-06-01-at-13.36.42-300x293.jpeg",300,293,true],"medium_large":["https:\/\/goiana.pe.leg.br\/portal\/wp-content\/uploads\/2022\/06\/WhatsApp-Image-2022-06-01-at-13.36.42-768x751.jpeg",768,751,true],"large":["https:\/\/goiana.pe.leg.br\/portal\/wp-content\/uploads\/2022\/06\/WhatsApp-Image-2022-06-01-at-13.36.42.jpeg",828,810,false],"1536x1536":["https:\/\/goiana.pe.leg.br\/portal\/wp-content\/uploads\/2022\/06\/WhatsApp-Image-2022-06-01-at-13.36.42.jpeg",828,810,false],"2048x2048":["https:\/\/goiana.pe.leg.br\/portal\/wp-content\/uploads\/2022\/06\/WhatsApp-Image-2022-06-01-at-13.36.42.jpeg",828,810,false],"post-thumbnail":["https:\/\/goiana.pe.leg.br\/portal\/wp-content\/uploads\/2022\/06\/WhatsApp-Image-2022-06-01-at-13.36.42.jpeg",828,810,false],"menu-24x24":["https:\/\/goiana.pe.leg.br\/portal\/wp-content\/uploads\/2022\/06\/WhatsApp-Image-2022-06-01-at-13.36.42-24x24.jpeg",24,24,true],"menu-36x36":["https:\/\/goiana.pe.leg.br\/portal\/wp-content\/uploads\/2022\/06\/WhatsApp-Image-2022-06-01-at-13.36.42-36x36.jpeg",36,36,true],"menu-48x48":["https:\/\/goiana.pe.leg.br\/portal\/wp-content\/uploads\/2022\/06\/WhatsApp-Image-2022-06-01-at-13.36.42-48x48.jpeg",48,48,true]},"author_info":{"info":["Felipe Andrade"]},"category_info":"<a href=\"https:\/\/goiana.pe.leg.br\/portal\/?cat=15\" rel=\"category\">Destaque<\/a> <a href=\"https:\/\/goiana.pe.leg.br\/portal\/?cat=22\" rel=\"category\">Mat\u00e9rias<\/a> <a href=\"https:\/\/goiana.pe.leg.br\/portal\/?cat=23\" rel=\"category\">Not\u00edcias<\/a>","tag_info":"Not\u00edcias","comment_count":"0","_links":{"self":[{"href":"https:\/\/goiana.pe.leg.br\/portal\/index.php?rest_route=\/wp\/v2\/posts\/2407","targetHints":{"allow":["GET"]}}],"collection":[{"href":"https:\/\/goiana.pe.leg.br\/portal\/index.php?rest_route=\/wp\/v2\/posts"}],"about":[{"href":"https:\/\/goiana.pe.leg.br\/portal\/index.php?rest_route=\/wp\/v2\/types\/post"}],"author":[{"embeddable":true,"href":"https:\/\/goiana.pe.leg.br\/portal\/index.php?rest_route=\/wp\/v2\/users\/2"}],"replies":[{"embeddable":true,"href":"https:\/\/goiana.pe.leg.br\/portal\/index.php?rest_route=%2Fwp%2Fv2%2Fcomments&post=2407"}],"version-history":[{"count":0,"href":"https:\/\/goiana.pe.leg.br\/portal\/index.php?rest_route=\/wp\/v2\/posts\/2407\/revisions"}],"wp:featuredmedia":[{"embeddable":true,"href":"https:\/\/goiana.pe.leg.br\/portal\/index.php?rest_route=\/wp\/v2\/media\/2408"}],"wp:attachment":[{"href":"https:\/\/goiana.pe.leg.br\/portal\/index.php?rest_route=%2Fwp%2Fv2%2Fmedia&parent=2407"}],"wp:term":[{"taxonomy":"category","embeddable":true,"href":"https:\/\/goiana.pe.leg.br\/portal\/index.php?rest_route=%2Fwp%2Fv2%2Fcategories&post=2407"},{"taxonomy":"post_tag","embeddable":true,"href":"https:\/\/goiana.pe.leg.br\/portal\/index.php?rest_route=%2Fwp%2Fv2%2Ftags&post=2407"}],"curies":[{"name":"wp","href":"https:\/\/api.w.org\/{rel}","templated":true}]}}