{"id":2417,"date":"2022-06-15T13:35:02","date_gmt":"2022-06-15T13:35:02","guid":{"rendered":"https:\/\/goiana.pe.leg.br\/?p=2417"},"modified":"2022-06-15T13:35:02","modified_gmt":"2022-06-15T13:35:02","slug":"pastor-wagner-luiz-bispo-recebe-titulo-de-cidadao-goianense","status":"publish","type":"post","link":"https:\/\/goiana.pe.leg.br\/portal\/?p=2417","title":{"rendered":"PASTOR WAGNER LUIZ BISPO RECEBE T\u00cdTULO DE CIDAD\u00c3O GOIANENSE"},"content":{"rendered":"\n<p>O l\u00edder espiritual da Assembleia de Deus Vit\u00f3ria em Cristo (ADVEC), Pastor Wagner Luiz Bispo, recebeu o T\u00edtulo de Cidad\u00e3o Goianense, durante Sess\u00e3o Solene da C\u00e2mara Municipal de Goiana, realizada na Casa Jos\u00e9 Pinto de Abreu, no dia 14 de junho.<\/p>\n\n\n\n<p>A honraria foi concedida atrav\u00e9s do Projeto de Decreto Legislativo N\u00ba 173\/2021, de autoria do vereador Carlos Vi\u00e9gas J\u00fanior, e que foi aprovado por unanimidade por todos os parlamentares goianenses. <\/p>\n\n\n\n<p>Estiveram presentes na solenidade o vice-presidente da C\u00e2mara Municipal de Goiana, Pedro Henrique, os vereadores Carlos Vi\u00e9gas J\u00fanior, Ana Silveira e Ramon Aranha, o chefe de Gabinete da Prefeitura de Goiana, Rayan Aranha, o Major da Pol\u00edcia Militar, Jorge Barbosa, o co-pastor da ADVEC, Maitinho Falc\u00e3o, e a Conselheira Tutelar, Mission\u00e1ria Eunice Fernandes.<\/p>\n\n\n\n<p>O vereador Carlos Vi\u00e9gas J\u00fanior destacou que o Pastor Wagner \u00e9 merecedor da justa homenagem feita pelo Poder Legislativo de Goiana. &#8220;Esta foi uma noite em que todos nos sentimos felizes e honrados na companhia da fam\u00edlia e de todos os congregados. Pastor Wagner \u00e9 merecedor por toda a obra feita pelo munic\u00edpio, e nesta oportunidade a C\u00e2mara Municipal de Goiana externa sua gratid\u00e3o, e afirma que est\u00e1 sempre de portas abertas a voc\u00ea, a sua fam\u00edlia e a toda a comunidade da ADVEC&#8221;.<\/p>\n\n\n\n<p>Visivelmente emocionado, o Pastor Wagner fez fez um discurso exaltando a cidade de Goiana. &#8220;Esta cidade me recebeu com muito carinho e apre\u00e7o, em 28 de setembro de 2020, juntamente com a minha fam\u00edlia. Uma cidade querida e amada por todos. Desde que chegamos aqui, nesta cidade amada, a ADVEC profetiza que Goiana \u00e9 do Senhor Jesus. Nesta noite quero externar minha alegria e tornar not\u00f3rio tudo o que esta cidade tem me proporcionado. Goiana est\u00e1 no meu cora\u00e7\u00e3o e no cora\u00e7\u00e3o de minha fam\u00edlia. Jamais esqueceremos dessa cidade. Jamais esquecerei este T\u00edtulo de Cidad\u00e3o&#8221;, disse.<\/p>\n\n\n\n<p>O Pastor Wagner tamb\u00e9m agradeceu a todos os vereadores goianenses e dedicou a honraria recebida \u00e0 todos os integrantes da ADVEC e ao Povo de Deus. <\/p>\n\n\n\n<figure class=\"wp-block-gallery has-nested-images columns-default is-cropped wp-block-gallery-1 is-layout-flex wp-block-gallery-is-layout-flex\">\n<figure class=\"wp-block-image size-large\"><img loading=\"lazy\" decoding=\"async\" width=\"1024\" height=\"691\" data-id=\"2419\" src=\"https:\/\/goiana.pe.leg.br\/portal\/wp-content\/uploads\/2022\/06\/WhatsApp-Image-2022-06-15-at-10.32.14-1-1024x691.jpeg\" alt=\"\" class=\"wp-image-2419\" srcset=\"https:\/\/goiana.pe.leg.br\/portal\/wp-content\/uploads\/2022\/06\/WhatsApp-Image-2022-06-15-at-10.32.14-1-1024x691.jpeg 1024w, https:\/\/goiana.pe.leg.br\/portal\/wp-content\/uploads\/2022\/06\/WhatsApp-Image-2022-06-15-at-10.32.14-1-300x202.jpeg 300w, https:\/\/goiana.pe.leg.br\/portal\/wp-content\/uploads\/2022\/06\/WhatsApp-Image-2022-06-15-at-10.32.14-1-768x518.jpeg 768w, https:\/\/goiana.pe.leg.br\/portal\/wp-content\/uploads\/2022\/06\/WhatsApp-Image-2022-06-15-at-10.32.14-1-1536x1036.jpeg 1536w, https:\/\/goiana.pe.leg.br\/portal\/wp-content\/uploads\/2022\/06\/WhatsApp-Image-2022-06-15-at-10.32.14-1-1568x1057.jpeg 1568w, https:\/\/goiana.pe.leg.br\/portal\/wp-content\/uploads\/2022\/06\/WhatsApp-Image-2022-06-15-at-10.32.14-1-24x16.jpeg 24w, https:\/\/goiana.pe.leg.br\/portal\/wp-content\/uploads\/2022\/06\/WhatsApp-Image-2022-06-15-at-10.32.14-1-36x24.jpeg 36w, https:\/\/goiana.pe.leg.br\/portal\/wp-content\/uploads\/2022\/06\/WhatsApp-Image-2022-06-15-at-10.32.14-1-48x32.jpeg 48w, https:\/\/goiana.pe.leg.br\/portal\/wp-content\/uploads\/2022\/06\/WhatsApp-Image-2022-06-15-at-10.32.14-1.jpeg 1600w\" sizes=\"auto, (max-width: 1024px) 100vw, 1024px\" \/><\/figure>\n\n\n\n<figure class=\"wp-block-image size-large\"><img loading=\"lazy\" decoding=\"async\" width=\"768\" height=\"1024\" data-id=\"2420\" src=\"https:\/\/goiana.pe.leg.br\/portal\/wp-content\/uploads\/2022\/06\/WhatsApp-Image-2022-06-14-at-20.26.05-1-768x1024.jpeg\" alt=\"\" class=\"wp-image-2420\" srcset=\"https:\/\/goiana.pe.leg.br\/portal\/wp-content\/uploads\/2022\/06\/WhatsApp-Image-2022-06-14-at-20.26.05-1-768x1024.jpeg 768w, https:\/\/goiana.pe.leg.br\/portal\/wp-content\/uploads\/2022\/06\/WhatsApp-Image-2022-06-14-at-20.26.05-1-225x300.jpeg 225w, https:\/\/goiana.pe.leg.br\/portal\/wp-content\/uploads\/2022\/06\/WhatsApp-Image-2022-06-14-at-20.26.05-1-1152x1536.jpeg 1152w, https:\/\/goiana.pe.leg.br\/portal\/wp-content\/uploads\/2022\/06\/WhatsApp-Image-2022-06-14-at-20.26.05-1-18x24.jpeg 18w, https:\/\/goiana.pe.leg.br\/portal\/wp-content\/uploads\/2022\/06\/WhatsApp-Image-2022-06-14-at-20.26.05-1-27x36.jpeg 27w, https:\/\/goiana.pe.leg.br\/portal\/wp-content\/uploads\/2022\/06\/WhatsApp-Image-2022-06-14-at-20.26.05-1-36x48.jpeg 36w, https:\/\/goiana.pe.leg.br\/portal\/wp-content\/uploads\/2022\/06\/WhatsApp-Image-2022-06-14-at-20.26.05-1.jpeg 1200w\" sizes=\"auto, (max-width: 768px) 100vw, 768px\" \/><\/figure>\n\n\n\n<figure class=\"wp-block-image size-large\"><img loading=\"lazy\" decoding=\"async\" width=\"1024\" height=\"768\" data-id=\"2421\" src=\"https:\/\/goiana.pe.leg.br\/portal\/wp-content\/uploads\/2022\/06\/WhatsApp-Image-2022-06-14-at-20.26.05-1024x768.jpeg\" alt=\"\" class=\"wp-image-2421\" srcset=\"https:\/\/goiana.pe.leg.br\/portal\/wp-content\/uploads\/2022\/06\/WhatsApp-Image-2022-06-14-at-20.26.05-1024x768.jpeg 1024w, https:\/\/goiana.pe.leg.br\/portal\/wp-content\/uploads\/2022\/06\/WhatsApp-Image-2022-06-14-at-20.26.05-300x225.jpeg 300w, https:\/\/goiana.pe.leg.br\/portal\/wp-content\/uploads\/2022\/06\/WhatsApp-Image-2022-06-14-at-20.26.05-768x576.jpeg 768w, https:\/\/goiana.pe.leg.br\/portal\/wp-content\/uploads\/2022\/06\/WhatsApp-Image-2022-06-14-at-20.26.05-1536x1152.jpeg 1536w, https:\/\/goiana.pe.leg.br\/portal\/wp-content\/uploads\/2022\/06\/WhatsApp-Image-2022-06-14-at-20.26.05-1568x1176.jpeg 1568w, https:\/\/goiana.pe.leg.br\/portal\/wp-content\/uploads\/2022\/06\/WhatsApp-Image-2022-06-14-at-20.26.05-24x18.jpeg 24w, https:\/\/goiana.pe.leg.br\/portal\/wp-content\/uploads\/2022\/06\/WhatsApp-Image-2022-06-14-at-20.26.05-36x27.jpeg 36w, https:\/\/goiana.pe.leg.br\/portal\/wp-content\/uploads\/2022\/06\/WhatsApp-Image-2022-06-14-at-20.26.05-48x36.jpeg 48w, https:\/\/goiana.pe.leg.br\/portal\/wp-content\/uploads\/2022\/06\/WhatsApp-Image-2022-06-14-at-20.26.05.jpeg 1600w\" sizes=\"auto, (max-width: 1024px) 100vw, 1024px\" \/><\/figure>\n\n\n\n<figure class=\"wp-block-image size-large\"><img loading=\"lazy\" decoding=\"async\" width=\"768\" height=\"1024\" data-id=\"2424\" src=\"https:\/\/goiana.pe.leg.br\/portal\/wp-content\/uploads\/2022\/06\/WhatsApp-Image-2022-06-14-at-20.26.04-2-768x1024.jpeg\" alt=\"\" class=\"wp-image-2424\" srcset=\"https:\/\/goiana.pe.leg.br\/portal\/wp-content\/uploads\/2022\/06\/WhatsApp-Image-2022-06-14-at-20.26.04-2-768x1024.jpeg 768w, https:\/\/goiana.pe.leg.br\/portal\/wp-content\/uploads\/2022\/06\/WhatsApp-Image-2022-06-14-at-20.26.04-2-225x300.jpeg 225w, https:\/\/goiana.pe.leg.br\/portal\/wp-content\/uploads\/2022\/06\/WhatsApp-Image-2022-06-14-at-20.26.04-2-1152x1536.jpeg 1152w, https:\/\/goiana.pe.leg.br\/portal\/wp-content\/uploads\/2022\/06\/WhatsApp-Image-2022-06-14-at-20.26.04-2-18x24.jpeg 18w, https:\/\/goiana.pe.leg.br\/portal\/wp-content\/uploads\/2022\/06\/WhatsApp-Image-2022-06-14-at-20.26.04-2-27x36.jpeg 27w, https:\/\/goiana.pe.leg.br\/portal\/wp-content\/uploads\/2022\/06\/WhatsApp-Image-2022-06-14-at-20.26.04-2-36x48.jpeg 36w, https:\/\/goiana.pe.leg.br\/portal\/wp-content\/uploads\/2022\/06\/WhatsApp-Image-2022-06-14-at-20.26.04-2.jpeg 1200w\" sizes=\"auto, (max-width: 768px) 100vw, 768px\" \/><\/figure>\n\n\n\n<figure class=\"wp-block-image size-large\"><img loading=\"lazy\" decoding=\"async\" width=\"768\" height=\"1024\" data-id=\"2422\" src=\"https:\/\/goiana.pe.leg.br\/portal\/wp-content\/uploads\/2022\/06\/WhatsApp-Image-2022-06-14-at-20.26.04-1-768x1024.jpeg\" alt=\"\" class=\"wp-image-2422\" srcset=\"https:\/\/goiana.pe.leg.br\/portal\/wp-content\/uploads\/2022\/06\/WhatsApp-Image-2022-06-14-at-20.26.04-1-768x1024.jpeg 768w, https:\/\/goiana.pe.leg.br\/portal\/wp-content\/uploads\/2022\/06\/WhatsApp-Image-2022-06-14-at-20.26.04-1-225x300.jpeg 225w, https:\/\/goiana.pe.leg.br\/portal\/wp-content\/uploads\/2022\/06\/WhatsApp-Image-2022-06-14-at-20.26.04-1-1152x1536.jpeg 1152w, https:\/\/goiana.pe.leg.br\/portal\/wp-content\/uploads\/2022\/06\/WhatsApp-Image-2022-06-14-at-20.26.04-1-18x24.jpeg 18w, https:\/\/goiana.pe.leg.br\/portal\/wp-content\/uploads\/2022\/06\/WhatsApp-Image-2022-06-14-at-20.26.04-1-27x36.jpeg 27w, https:\/\/goiana.pe.leg.br\/portal\/wp-content\/uploads\/2022\/06\/WhatsApp-Image-2022-06-14-at-20.26.04-1-36x48.jpeg 36w, https:\/\/goiana.pe.leg.br\/portal\/wp-content\/uploads\/2022\/06\/WhatsApp-Image-2022-06-14-at-20.26.04-1.jpeg 1200w\" sizes=\"auto, (max-width: 768px) 100vw, 768px\" \/><\/figure>\n\n\n\n<figure class=\"wp-block-image size-large\"><img loading=\"lazy\" decoding=\"async\" width=\"768\" height=\"1024\" data-id=\"2423\" src=\"https:\/\/goiana.pe.leg.br\/portal\/wp-content\/uploads\/2022\/06\/WhatsApp-Image-2022-06-14-at-20.26.04-768x1024.jpeg\" alt=\"\" class=\"wp-image-2423\" srcset=\"https:\/\/goiana.pe.leg.br\/portal\/wp-content\/uploads\/2022\/06\/WhatsApp-Image-2022-06-14-at-20.26.04-768x1024.jpeg 768w, https:\/\/goiana.pe.leg.br\/portal\/wp-content\/uploads\/2022\/06\/WhatsApp-Image-2022-06-14-at-20.26.04-225x300.jpeg 225w, https:\/\/goiana.pe.leg.br\/portal\/wp-content\/uploads\/2022\/06\/WhatsApp-Image-2022-06-14-at-20.26.04-1152x1536.jpeg 1152w, https:\/\/goiana.pe.leg.br\/portal\/wp-content\/uploads\/2022\/06\/WhatsApp-Image-2022-06-14-at-20.26.04-18x24.jpeg 18w, https:\/\/goiana.pe.leg.br\/portal\/wp-content\/uploads\/2022\/06\/WhatsApp-Image-2022-06-14-at-20.26.04-27x36.jpeg 27w, https:\/\/goiana.pe.leg.br\/portal\/wp-content\/uploads\/2022\/06\/WhatsApp-Image-2022-06-14-at-20.26.04-36x48.jpeg 36w, https:\/\/goiana.pe.leg.br\/portal\/wp-content\/uploads\/2022\/06\/WhatsApp-Image-2022-06-14-at-20.26.04.jpeg 1200w\" sizes=\"auto, (max-width: 768px) 100vw, 768px\" \/><\/figure>\n<\/figure>\n","protected":false},"excerpt":{"rendered":"<p>O l\u00edder espiritual da Assembleia de Deus Vit\u00f3ria em Cristo (ADVEC), Pastor Wagner Luiz Bispo, recebeu o T\u00edtulo de Cidad\u00e3o Goianense, durante Sess\u00e3o Solene da C\u00e2mara Municipal de Goiana, realizada na Casa Jos\u00e9 Pinto de Abreu, no dia 14 de junho. A honraria foi concedida atrav\u00e9s do Projeto de Decreto Legislativo N\u00ba 173\/2021, de autoria&hellip; <a class=\"more-link\" href=\"https:\/\/goiana.pe.leg.br\/portal\/?p=2417\">Continue lendo <span class=\"screen-reader-text\">PASTOR WAGNER LUIZ BISPO RECEBE T\u00cdTULO DE CIDAD\u00c3O GOIANENSE<\/span><\/a><\/p>\n","protected":false},"author":2,"featured_media":2418,"comment_status":"closed","ping_status":"closed","sticky":false,"template":"","format":"standard","meta":{"_monsterinsights_skip_tracking":false,"_monsterinsights_sitenote_active":false,"_monsterinsights_sitenote_note":"","_monsterinsights_sitenote_category":0,"footnotes":""},"categories":[15,22,23],"tags":[],"class_list":["post-2417","post","type-post","status-publish","format-standard","has-post-thumbnail","hentry","category-destaque","category-acoe","category-noticias","entry"],"featured_image_urls":{"full":["https:\/\/goiana.pe.leg.br\/portal\/wp-content\/uploads\/2022\/06\/WhatsApp-Image-2022-06-15-at-10.32.14.jpeg",1600,1079,false],"thumbnail":["https:\/\/goiana.pe.leg.br\/portal\/wp-content\/uploads\/2022\/06\/WhatsApp-Image-2022-06-15-at-10.32.14-150x150.jpeg",150,150,true],"medium":["https:\/\/goiana.pe.leg.br\/portal\/wp-content\/uploads\/2022\/06\/WhatsApp-Image-2022-06-15-at-10.32.14-300x202.jpeg",300,202,true],"medium_large":["https:\/\/goiana.pe.leg.br\/portal\/wp-content\/uploads\/2022\/06\/WhatsApp-Image-2022-06-15-at-10.32.14-768x518.jpeg",768,518,true],"large":["https:\/\/goiana.pe.leg.br\/portal\/wp-content\/uploads\/2022\/06\/WhatsApp-Image-2022-06-15-at-10.32.14-1024x691.jpeg",1024,691,true],"1536x1536":["https:\/\/goiana.pe.leg.br\/portal\/wp-content\/uploads\/2022\/06\/WhatsApp-Image-2022-06-15-at-10.32.14-1536x1036.jpeg",1536,1036,true],"2048x2048":["https:\/\/goiana.pe.leg.br\/portal\/wp-content\/uploads\/2022\/06\/WhatsApp-Image-2022-06-15-at-10.32.14.jpeg",1600,1079,false],"post-thumbnail":["https:\/\/goiana.pe.leg.br\/portal\/wp-content\/uploads\/2022\/06\/WhatsApp-Image-2022-06-15-at-10.32.14-1568x1057.jpeg",1568,1057,true],"menu-24x24":["https:\/\/goiana.pe.leg.br\/portal\/wp-content\/uploads\/2022\/06\/WhatsApp-Image-2022-06-15-at-10.32.14-24x16.jpeg",24,16,true],"menu-36x36":["https:\/\/goiana.pe.leg.br\/portal\/wp-content\/uploads\/2022\/06\/WhatsApp-Image-2022-06-15-at-10.32.14-36x24.jpeg",36,24,true],"menu-48x48":["https:\/\/goiana.pe.leg.br\/portal\/wp-content\/uploads\/2022\/06\/WhatsApp-Image-2022-06-15-at-10.32.14-48x32.jpeg",48,32,true]},"author_info":{"info":["Felipe Andrade"]},"category_info":"<a href=\"https:\/\/goiana.pe.leg.br\/portal\/?cat=15\" rel=\"category\">Destaque<\/a> <a href=\"https:\/\/goiana.pe.leg.br\/portal\/?cat=22\" rel=\"category\">Mat\u00e9rias<\/a> <a href=\"https:\/\/goiana.pe.leg.br\/portal\/?cat=23\" rel=\"category\">Not\u00edcias<\/a>","tag_info":"Not\u00edcias","comment_count":"0","_links":{"self":[{"href":"https:\/\/goiana.pe.leg.br\/portal\/index.php?rest_route=\/wp\/v2\/posts\/2417","targetHints":{"allow":["GET"]}}],"collection":[{"href":"https:\/\/goiana.pe.leg.br\/portal\/index.php?rest_route=\/wp\/v2\/posts"}],"about":[{"href":"https:\/\/goiana.pe.leg.br\/portal\/index.php?rest_route=\/wp\/v2\/types\/post"}],"author":[{"embeddable":true,"href":"https:\/\/goiana.pe.leg.br\/portal\/index.php?rest_route=\/wp\/v2\/users\/2"}],"replies":[{"embeddable":true,"href":"https:\/\/goiana.pe.leg.br\/portal\/index.php?rest_route=%2Fwp%2Fv2%2Fcomments&post=2417"}],"version-history":[{"count":0,"href":"https:\/\/goiana.pe.leg.br\/portal\/index.php?rest_route=\/wp\/v2\/posts\/2417\/revisions"}],"wp:featuredmedia":[{"embeddable":true,"href":"https:\/\/goiana.pe.leg.br\/portal\/index.php?rest_route=\/wp\/v2\/media\/2418"}],"wp:attachment":[{"href":"https:\/\/goiana.pe.leg.br\/portal\/index.php?rest_route=%2Fwp%2Fv2%2Fmedia&parent=2417"}],"wp:term":[{"taxonomy":"category","embeddable":true,"href":"https:\/\/goiana.pe.leg.br\/portal\/index.php?rest_route=%2Fwp%2Fv2%2Fcategories&post=2417"},{"taxonomy":"post_tag","embeddable":true,"href":"https:\/\/goiana.pe.leg.br\/portal\/index.php?rest_route=%2Fwp%2Fv2%2Ftags&post=2417"}],"curies":[{"name":"wp","href":"https:\/\/api.w.org\/{rel}","templated":true}]}}