{"id":2572,"date":"2022-08-11T20:25:36","date_gmt":"2022-08-11T20:25:36","guid":{"rendered":"https:\/\/goiana.pe.leg.br\/?p=2572"},"modified":"2022-08-11T20:25:36","modified_gmt":"2022-08-11T20:25:36","slug":"vereadores-concedem-voto-de-aplausos-a-primeira-dama-de-goiana-2","status":"publish","type":"post","link":"https:\/\/goiana.pe.leg.br\/portal\/?p=2572","title":{"rendered":"VEREADORES CONCEDEM VOTO DE APLAUSOS \u00c0 PRIMEIRA DAMA DE GOIANA"},"content":{"rendered":"\n<figure class=\"wp-block-audio\"><audio controls src=\"https:\/\/goiana.pe.leg.br\/portal\/wp-content\/uploads\/2022\/08\/Vereadores_concedem_Voto_de_Aplausos_a_Primeira_Dama_de_Goiana-online-audio-converter.com_.mp3\"><\/audio><\/figure>\n\n\n\n<p>Durante a sess\u00e3o ordin\u00e1ria de ter\u00e7a-feira (05\/07), a C\u00e2mara Municipal de Goiana concedeu um Voto de Aplausos, atrav\u00e9s da propositura do vereador Andr\u00e9 Rabic\u00f3, para a Primeira Dama de Goiana, Maria das Neves, esposa do prefeito Eduardo Hon\u00f3rio.<\/p>\n\n\n\n<p>O Voto de Aplausos para \u201cDona Nevinha\u201d, como \u00e9 popularmente conhecida a Primeira Dama, foi aprovado de forma un\u00e2nime pelos parlamentares goianenses. Na oportunidade, o plen\u00e1rio da Casa Jos\u00e9 Pinto de abreu recebeu diversas autoridades e um grande p\u00fablico que foi acompanhar a homenagem feita pelo Poder Legislativo.<\/p>\n\n\n\n<p>O reconhecimento da C\u00e2mara Municipal \u00e0 Dona Nevinha faz justi\u00e7a a sua compet\u00eancia como servidora p\u00fablica e ao belo trabalho social que vem desempenhando, atrav\u00e9s da Prefeitura, em especial durante a enchente ocorrida no m\u00eas de junho, quando Dona Nevinha n\u00e3o mediu esfor\u00e7os para auxiliar a popula\u00e7\u00e3o que ficou desabrigada.<\/p>\n","protected":false},"excerpt":{"rendered":"<p>Durante a sess\u00e3o ordin\u00e1ria de ter\u00e7a-feira (05\/07), a C\u00e2mara Municipal de Goiana concedeu um Voto de Aplausos, atrav\u00e9s da propositura do vereador Andr\u00e9 Rabic\u00f3, para a Primeira Dama de Goiana, Maria das Neves, esposa do prefeito Eduardo Hon\u00f3rio. O Voto de Aplausos para \u201cDona Nevinha\u201d, como \u00e9 popularmente conhecida a Primeira Dama, foi aprovado de&hellip; <a class=\"more-link\" href=\"https:\/\/goiana.pe.leg.br\/portal\/?p=2572\">Continue lendo <span class=\"screen-reader-text\">VEREADORES CONCEDEM VOTO DE APLAUSOS \u00c0 PRIMEIRA DAMA DE GOIANA<\/span><\/a><\/p>\n","protected":false},"author":2,"featured_media":2568,"comment_status":"closed","ping_status":"closed","sticky":false,"template":"","format":"standard","meta":{"_monsterinsights_skip_tracking":false,"_monsterinsights_sitenote_active":false,"_monsterinsights_sitenote_note":"","_monsterinsights_sitenote_category":0,"footnotes":""},"categories":[24],"tags":[],"class_list":["post-2572","post","type-post","status-publish","format-standard","has-post-thumbnail","hentry","category-radio-agencia","entry"],"featured_image_urls":{"full":["https:\/\/goiana.pe.leg.br\/portal\/wp-content\/uploads\/2022\/08\/RCMGLOGO.jpg",762,624,false],"thumbnail":["https:\/\/goiana.pe.leg.br\/portal\/wp-content\/uploads\/2022\/08\/RCMGLOGO-150x150.jpg",150,150,true],"medium":["https:\/\/goiana.pe.leg.br\/portal\/wp-content\/uploads\/2022\/08\/RCMGLOGO-300x246.jpg",300,246,true],"medium_large":["https:\/\/goiana.pe.leg.br\/portal\/wp-content\/uploads\/2022\/08\/RCMGLOGO.jpg",762,624,false],"large":["https:\/\/goiana.pe.leg.br\/portal\/wp-content\/uploads\/2022\/08\/RCMGLOGO.jpg",762,624,false],"1536x1536":["https:\/\/goiana.pe.leg.br\/portal\/wp-content\/uploads\/2022\/08\/RCMGLOGO.jpg",762,624,false],"2048x2048":["https:\/\/goiana.pe.leg.br\/portal\/wp-content\/uploads\/2022\/08\/RCMGLOGO.jpg",762,624,false],"post-thumbnail":["https:\/\/goiana.pe.leg.br\/portal\/wp-content\/uploads\/2022\/08\/RCMGLOGO.jpg",762,624,false],"menu-24x24":["https:\/\/goiana.pe.leg.br\/portal\/wp-content\/uploads\/2022\/08\/RCMGLOGO-24x20.jpg",24,20,true],"menu-36x36":["https:\/\/goiana.pe.leg.br\/portal\/wp-content\/uploads\/2022\/08\/RCMGLOGO-36x29.jpg",36,29,true],"menu-48x48":["https:\/\/goiana.pe.leg.br\/portal\/wp-content\/uploads\/2022\/08\/RCMGLOGO-48x39.jpg",48,39,true]},"author_info":{"info":["Felipe Andrade"]},"category_info":"<a href=\"https:\/\/goiana.pe.leg.br\/portal\/?cat=24\" rel=\"category\">R\u00e1dio Ag\u00eancia<\/a>","tag_info":"R\u00e1dio Ag\u00eancia","comment_count":"0","_links":{"self":[{"href":"https:\/\/goiana.pe.leg.br\/portal\/index.php?rest_route=\/wp\/v2\/posts\/2572","targetHints":{"allow":["GET"]}}],"collection":[{"href":"https:\/\/goiana.pe.leg.br\/portal\/index.php?rest_route=\/wp\/v2\/posts"}],"about":[{"href":"https:\/\/goiana.pe.leg.br\/portal\/index.php?rest_route=\/wp\/v2\/types\/post"}],"author":[{"embeddable":true,"href":"https:\/\/goiana.pe.leg.br\/portal\/index.php?rest_route=\/wp\/v2\/users\/2"}],"replies":[{"embeddable":true,"href":"https:\/\/goiana.pe.leg.br\/portal\/index.php?rest_route=%2Fwp%2Fv2%2Fcomments&post=2572"}],"version-history":[{"count":0,"href":"https:\/\/goiana.pe.leg.br\/portal\/index.php?rest_route=\/wp\/v2\/posts\/2572\/revisions"}],"wp:featuredmedia":[{"embeddable":true,"href":"https:\/\/goiana.pe.leg.br\/portal\/index.php?rest_route=\/wp\/v2\/media\/2568"}],"wp:attachment":[{"href":"https:\/\/goiana.pe.leg.br\/portal\/index.php?rest_route=%2Fwp%2Fv2%2Fmedia&parent=2572"}],"wp:term":[{"taxonomy":"category","embeddable":true,"href":"https:\/\/goiana.pe.leg.br\/portal\/index.php?rest_route=%2Fwp%2Fv2%2Fcategories&post=2572"},{"taxonomy":"post_tag","embeddable":true,"href":"https:\/\/goiana.pe.leg.br\/portal\/index.php?rest_route=%2Fwp%2Fv2%2Ftags&post=2572"}],"curies":[{"name":"wp","href":"https:\/\/api.w.org\/{rel}","templated":true}]}}