{"id":2618,"date":"2022-08-18T13:47:44","date_gmt":"2022-08-18T13:47:44","guid":{"rendered":"https:\/\/goiana.pe.leg.br\/?p=2618"},"modified":"2022-08-18T13:47:44","modified_gmt":"2022-08-18T13:47:44","slug":"521-anos-parabens-ponta-de-pedras","status":"publish","type":"post","link":"https:\/\/goiana.pe.leg.br\/portal\/?p=2618","title":{"rendered":"521 ANOS: PARAB\u00c9NS, PONTA DE PEDRAS!"},"content":{"rendered":"\n<p>Nesta quinta-feira, dia 18 de agosto, nossa querida Praia de Ponta de Pedras comemora 521 anos.<\/p>\n\n\n\n<p>Com muitas hist\u00f3rias para contar e lindas praias acolhedoras, Ponta de Pedras \u00e9 o principal destino tur\u00edstico do Litoral Norte de Pernambuco, e um grande orgulho de todos os goianenses.<\/p>\n\n\n\n<p>Em comemora\u00e7\u00e3o \u00e0 semana do anivers\u00e1rio de Ponta de Pedras, o Poder P\u00fablico Municipal, atrav\u00e9s da Subprefeitura de Ponta de Pedras,\u00a0est\u00e1 realizando, entre os dias 15 e 20 de agosto, a exposi\u00e7\u00e3o \u201cContando a Minha Hist\u00f3ria, Ponta de Pedras, Meu Passado de Gl\u00f3rias\u201d.<\/p>\n\n\n\n<p>A visita\u00e7\u00e3o \u00e9 gratuita, no hor\u00e1rio das 8h \u00e0s 16h, na sede da Subprefeitura.<\/p>\n\n\n\n<p>Parab\u00e9ns, Ponta de Pedras!<\/p>\n\n\n\n<figure class=\"wp-block-gallery has-nested-images columns-default is-cropped wp-block-gallery-1 is-layout-flex wp-block-gallery-is-layout-flex\">\n<figure class=\"wp-block-image size-large\"><img loading=\"lazy\" decoding=\"async\" width=\"777\" height=\"506\" data-id=\"2620\" src=\"https:\/\/goiana.pe.leg.br\/portal\/wp-content\/uploads\/2022\/08\/WhatsApp-Image-2022-08-18-at-10.40.04-1.jpeg\" alt=\"\" class=\"wp-image-2620\" srcset=\"https:\/\/goiana.pe.leg.br\/portal\/wp-content\/uploads\/2022\/08\/WhatsApp-Image-2022-08-18-at-10.40.04-1.jpeg 777w, https:\/\/goiana.pe.leg.br\/portal\/wp-content\/uploads\/2022\/08\/WhatsApp-Image-2022-08-18-at-10.40.04-1-300x195.jpeg 300w, https:\/\/goiana.pe.leg.br\/portal\/wp-content\/uploads\/2022\/08\/WhatsApp-Image-2022-08-18-at-10.40.04-1-768x500.jpeg 768w, https:\/\/goiana.pe.leg.br\/portal\/wp-content\/uploads\/2022\/08\/WhatsApp-Image-2022-08-18-at-10.40.04-1-24x16.jpeg 24w, https:\/\/goiana.pe.leg.br\/portal\/wp-content\/uploads\/2022\/08\/WhatsApp-Image-2022-08-18-at-10.40.04-1-36x23.jpeg 36w, https:\/\/goiana.pe.leg.br\/portal\/wp-content\/uploads\/2022\/08\/WhatsApp-Image-2022-08-18-at-10.40.04-1-48x31.jpeg 48w\" sizes=\"auto, (max-width: 777px) 100vw, 777px\" \/><\/figure>\n\n\n\n<figure class=\"wp-block-image size-large\"><img loading=\"lazy\" decoding=\"async\" width=\"828\" height=\"599\" data-id=\"2621\" src=\"https:\/\/goiana.pe.leg.br\/portal\/wp-content\/uploads\/2022\/08\/WhatsApp-Image-2022-08-18-at-10.40.02.jpeg\" alt=\"\" class=\"wp-image-2621\" srcset=\"https:\/\/goiana.pe.leg.br\/portal\/wp-content\/uploads\/2022\/08\/WhatsApp-Image-2022-08-18-at-10.40.02.jpeg 828w, https:\/\/goiana.pe.leg.br\/portal\/wp-content\/uploads\/2022\/08\/WhatsApp-Image-2022-08-18-at-10.40.02-300x217.jpeg 300w, https:\/\/goiana.pe.leg.br\/portal\/wp-content\/uploads\/2022\/08\/WhatsApp-Image-2022-08-18-at-10.40.02-768x556.jpeg 768w, https:\/\/goiana.pe.leg.br\/portal\/wp-content\/uploads\/2022\/08\/WhatsApp-Image-2022-08-18-at-10.40.02-24x17.jpeg 24w, https:\/\/goiana.pe.leg.br\/portal\/wp-content\/uploads\/2022\/08\/WhatsApp-Image-2022-08-18-at-10.40.02-36x26.jpeg 36w, https:\/\/goiana.pe.leg.br\/portal\/wp-content\/uploads\/2022\/08\/WhatsApp-Image-2022-08-18-at-10.40.02-48x35.jpeg 48w\" sizes=\"auto, (max-width: 828px) 100vw, 828px\" \/><\/figure>\n\n\n\n<figure class=\"wp-block-image size-large\"><img loading=\"lazy\" decoding=\"async\" width=\"828\" height=\"601\" data-id=\"2619\" src=\"https:\/\/goiana.pe.leg.br\/portal\/wp-content\/uploads\/2022\/08\/WhatsApp-Image-2022-08-18-at-10.40.03.jpeg\" alt=\"\" class=\"wp-image-2619\" srcset=\"https:\/\/goiana.pe.leg.br\/portal\/wp-content\/uploads\/2022\/08\/WhatsApp-Image-2022-08-18-at-10.40.03.jpeg 828w, https:\/\/goiana.pe.leg.br\/portal\/wp-content\/uploads\/2022\/08\/WhatsApp-Image-2022-08-18-at-10.40.03-300x218.jpeg 300w, https:\/\/goiana.pe.leg.br\/portal\/wp-content\/uploads\/2022\/08\/WhatsApp-Image-2022-08-18-at-10.40.03-768x557.jpeg 768w, https:\/\/goiana.pe.leg.br\/portal\/wp-content\/uploads\/2022\/08\/WhatsApp-Image-2022-08-18-at-10.40.03-24x17.jpeg 24w, https:\/\/goiana.pe.leg.br\/portal\/wp-content\/uploads\/2022\/08\/WhatsApp-Image-2022-08-18-at-10.40.03-36x26.jpeg 36w, https:\/\/goiana.pe.leg.br\/portal\/wp-content\/uploads\/2022\/08\/WhatsApp-Image-2022-08-18-at-10.40.03-48x35.jpeg 48w\" sizes=\"auto, (max-width: 828px) 100vw, 828px\" \/><\/figure>\n<\/figure>\n","protected":false},"excerpt":{"rendered":"<p>Nesta quinta-feira, dia 18 de agosto, nossa querida Praia de Ponta de Pedras comemora 521 anos. Com muitas hist\u00f3rias para contar e lindas praias acolhedoras, Ponta de Pedras \u00e9 o principal destino tur\u00edstico do Litoral Norte de Pernambuco, e um grande orgulho de todos os goianenses. Em comemora\u00e7\u00e3o \u00e0 semana do anivers\u00e1rio de Ponta de&hellip; <a class=\"more-link\" href=\"https:\/\/goiana.pe.leg.br\/portal\/?p=2618\">Continue lendo <span class=\"screen-reader-text\">521 ANOS: PARAB\u00c9NS, PONTA DE PEDRAS!<\/span><\/a><\/p>\n","protected":false},"author":2,"featured_media":2622,"comment_status":"closed","ping_status":"closed","sticky":false,"template":"","format":"standard","meta":{"_monsterinsights_skip_tracking":false,"_monsterinsights_sitenote_active":false,"_monsterinsights_sitenote_note":"","_monsterinsights_sitenote_category":0,"footnotes":""},"categories":[22,23],"tags":[],"class_list":["post-2618","post","type-post","status-publish","format-standard","has-post-thumbnail","hentry","category-acoe","category-noticias","entry"],"featured_image_urls":{"full":["https:\/\/goiana.pe.leg.br\/portal\/wp-content\/uploads\/2022\/08\/WhatsApp-Image-2022-08-18-at-10.46.01.jpeg",1080,1080,false],"thumbnail":["https:\/\/goiana.pe.leg.br\/portal\/wp-content\/uploads\/2022\/08\/WhatsApp-Image-2022-08-18-at-10.46.01-150x150.jpeg",150,150,true],"medium":["https:\/\/goiana.pe.leg.br\/portal\/wp-content\/uploads\/2022\/08\/WhatsApp-Image-2022-08-18-at-10.46.01-300x300.jpeg",300,300,true],"medium_large":["https:\/\/goiana.pe.leg.br\/portal\/wp-content\/uploads\/2022\/08\/WhatsApp-Image-2022-08-18-at-10.46.01-768x768.jpeg",768,768,true],"large":["https:\/\/goiana.pe.leg.br\/portal\/wp-content\/uploads\/2022\/08\/WhatsApp-Image-2022-08-18-at-10.46.01-1024x1024.jpeg",1024,1024,true],"1536x1536":["https:\/\/goiana.pe.leg.br\/portal\/wp-content\/uploads\/2022\/08\/WhatsApp-Image-2022-08-18-at-10.46.01.jpeg",1080,1080,false],"2048x2048":["https:\/\/goiana.pe.leg.br\/portal\/wp-content\/uploads\/2022\/08\/WhatsApp-Image-2022-08-18-at-10.46.01.jpeg",1080,1080,false],"post-thumbnail":["https:\/\/goiana.pe.leg.br\/portal\/wp-content\/uploads\/2022\/08\/WhatsApp-Image-2022-08-18-at-10.46.01.jpeg",1080,1080,false],"menu-24x24":["https:\/\/goiana.pe.leg.br\/portal\/wp-content\/uploads\/2022\/08\/WhatsApp-Image-2022-08-18-at-10.46.01-24x24.jpeg",24,24,true],"menu-36x36":["https:\/\/goiana.pe.leg.br\/portal\/wp-content\/uploads\/2022\/08\/WhatsApp-Image-2022-08-18-at-10.46.01-36x36.jpeg",36,36,true],"menu-48x48":["https:\/\/goiana.pe.leg.br\/portal\/wp-content\/uploads\/2022\/08\/WhatsApp-Image-2022-08-18-at-10.46.01-48x48.jpeg",48,48,true]},"author_info":{"info":["Felipe Andrade"]},"category_info":"<a href=\"https:\/\/goiana.pe.leg.br\/portal\/?cat=22\" rel=\"category\">Mat\u00e9rias<\/a> <a href=\"https:\/\/goiana.pe.leg.br\/portal\/?cat=23\" rel=\"category\">Not\u00edcias<\/a>","tag_info":"Not\u00edcias","comment_count":"0","_links":{"self":[{"href":"https:\/\/goiana.pe.leg.br\/portal\/index.php?rest_route=\/wp\/v2\/posts\/2618","targetHints":{"allow":["GET"]}}],"collection":[{"href":"https:\/\/goiana.pe.leg.br\/portal\/index.php?rest_route=\/wp\/v2\/posts"}],"about":[{"href":"https:\/\/goiana.pe.leg.br\/portal\/index.php?rest_route=\/wp\/v2\/types\/post"}],"author":[{"embeddable":true,"href":"https:\/\/goiana.pe.leg.br\/portal\/index.php?rest_route=\/wp\/v2\/users\/2"}],"replies":[{"embeddable":true,"href":"https:\/\/goiana.pe.leg.br\/portal\/index.php?rest_route=%2Fwp%2Fv2%2Fcomments&post=2618"}],"version-history":[{"count":0,"href":"https:\/\/goiana.pe.leg.br\/portal\/index.php?rest_route=\/wp\/v2\/posts\/2618\/revisions"}],"wp:featuredmedia":[{"embeddable":true,"href":"https:\/\/goiana.pe.leg.br\/portal\/index.php?rest_route=\/wp\/v2\/media\/2622"}],"wp:attachment":[{"href":"https:\/\/goiana.pe.leg.br\/portal\/index.php?rest_route=%2Fwp%2Fv2%2Fmedia&parent=2618"}],"wp:term":[{"taxonomy":"category","embeddable":true,"href":"https:\/\/goiana.pe.leg.br\/portal\/index.php?rest_route=%2Fwp%2Fv2%2Fcategories&post=2618"},{"taxonomy":"post_tag","embeddable":true,"href":"https:\/\/goiana.pe.leg.br\/portal\/index.php?rest_route=%2Fwp%2Fv2%2Ftags&post=2618"}],"curies":[{"name":"wp","href":"https:\/\/api.w.org\/{rel}","templated":true}]}}