{"id":2788,"date":"2022-11-25T15:27:37","date_gmt":"2022-11-25T15:27:37","guid":{"rendered":"https:\/\/goiana.pe.leg.br\/?p=2788"},"modified":"2022-11-25T15:27:37","modified_gmt":"2022-11-25T15:27:37","slug":"camara-realiza-exposicao-historica-no-arquivo-publico-de-pernambuco","status":"publish","type":"post","link":"https:\/\/goiana.pe.leg.br\/portal\/?p=2788","title":{"rendered":"C\u00c2MARA REALIZA EXPOSI\u00c7\u00c3O HIST\u00d3RICA, NO ARQUIVO P\u00daBLICO DE PERNAMBUCO"},"content":{"rendered":"\n<p>A Abertura da Exposi\u00e7\u00e3o Hist\u00f3rica \u201cRevisitando a Hist\u00f3ria de GOYANNA nas P\u00e1ginas de Livros e Jornais que o Tempo n\u00e3o Apagou\u201d, no Grande Recife, promovida pela C\u00e2mara Municipal de Goiana, em parceria com os governos estadual e municipal, foi realizada na sede do Arquivo P\u00fablico Estadual Jord\u00e3o Emerenciano, na manh\u00e3 do dia 16 de novembro.  <br><\/p>\n\n\n\n<p>O evento contou com as presen\u00e7as do coordenador do Arquivo P\u00fablico de Pernambuco, Wilton de Melo, do vice-prefeito de Goiana, Fernando Veloso, do diretor Administrativo da C\u00e2mara Municipal, Gilberto Cordeiro, do curador da exposi\u00e7\u00e3o e professor de Hist\u00f3ria, Marcos Paulo, e do secret\u00e1rio de Desenvolvimento Econ\u00f4mico de Goiana, Valdemar Targino de Moura Neto.<\/p>\n\n\n\n<p>Devido a realiza\u00e7\u00e3o de uma sess\u00e3o ordin\u00e1ria da C\u00e2mara Municipal no mesmo hor\u00e1rio, o presidente do Poder Legislativo de Goiana, Eduardo Batista, n\u00e3o p\u00f4de estar presente na cerim\u00f4nia de Abertura do evento. No entanto, durante a tarde do mesmo dia, Batista fez quest\u00e3o de ir at\u00e9 o Arquivo P\u00fablico de Pernambuco para prestigiar a exposi\u00e7\u00e3o.<\/p>\n\n\n\n<p>&#8220;Nossa miss\u00e3o n\u00e3o \u00e9 apenas guardar esses documentos, mas, tamb\u00e9m, expor ao grande p\u00fablico. N\u00e3o adianta guardar tanto conhecimento, tanta cultura, coisas valiosos para ficar fechadas em quatro paredes. Ent\u00e3o, a ideia \u00e9 que o p\u00fablico venha e prestigie&#8221;, explicou o coordenador do Arquivo P\u00fablico de Pernambuco, Wilton de Melo.<\/p>\n\n\n\n<p>O curador da exposi\u00e7\u00e3o e professor de Hist\u00f3ria, Marcos Paulo, destacou o protagonismo goianense no jornalismo e na literatura. &#8220;Como goianenses n\u00f3s j\u00e1 temos essa veia cultural de promover e fazer hist\u00f3ria. Isto que estamos fazendo, atrav\u00e9s da C\u00e2mara Municipal de Goiana, chama-se educa\u00e7\u00e3o patrimonial. Celebrando os duzentos anos de uma imprensa t\u00e3o pujante, t\u00e3o significativa e que contribuiu tanto. N\u00f3s vimos no Livro de Luiz do Nascimento (Hist\u00f3ria da Imprensa de Pernambuco) que depois de Recife, \u00e9 Goiana que tem a imprensa mais vibrante. E, n\u00f3s queremos fazer mem\u00f3ria \u00e0 estes homens e mulheres e valorizar os seus escritos&#8221;, disse.<\/p>\n\n\n\n<p>O diretor Administrativo da C\u00e2mara Municipal de Goiana, Gilberto Cordeiro, comemorou o sucesso da exposi\u00e7\u00e3o, realizada em Goiana, nos meses de maio e junho, e agora em Recife. Ele ainda destacou a inten\u00e7\u00e3o de promov\u00ea-la em n\u00edvel nacional.<\/p>\n\n\n\n<p>A exposi\u00e7\u00e3o, na sede do Arquivo P\u00fablico de Pernambuco, em Recife, estar\u00e1 aberta ao publico at\u00e9 o dia 16 de dezembro, de segunda \u00e0 sexta-feira, das 8h \u00e0s 16h.<\/p>\n\n\n\n<figure class=\"wp-block-gallery has-nested-images columns-default is-cropped wp-block-gallery-1 is-layout-flex wp-block-gallery-is-layout-flex\">\n<figure class=\"wp-block-image size-large\"><img loading=\"lazy\" decoding=\"async\" width=\"1024\" height=\"580\" data-id=\"2792\" src=\"https:\/\/goiana.pe.leg.br\/portal\/wp-content\/uploads\/2022\/11\/WhatsApp-Image-2022-11-25-at-12.21.29.jpeg\" alt=\"\" class=\"wp-image-2792\" srcset=\"https:\/\/goiana.pe.leg.br\/portal\/wp-content\/uploads\/2022\/11\/WhatsApp-Image-2022-11-25-at-12.21.29.jpeg 1024w, https:\/\/goiana.pe.leg.br\/portal\/wp-content\/uploads\/2022\/11\/WhatsApp-Image-2022-11-25-at-12.21.29-300x170.jpeg 300w, https:\/\/goiana.pe.leg.br\/portal\/wp-content\/uploads\/2022\/11\/WhatsApp-Image-2022-11-25-at-12.21.29-768x435.jpeg 768w, https:\/\/goiana.pe.leg.br\/portal\/wp-content\/uploads\/2022\/11\/WhatsApp-Image-2022-11-25-at-12.21.29-24x14.jpeg 24w, https:\/\/goiana.pe.leg.br\/portal\/wp-content\/uploads\/2022\/11\/WhatsApp-Image-2022-11-25-at-12.21.29-36x20.jpeg 36w, https:\/\/goiana.pe.leg.br\/portal\/wp-content\/uploads\/2022\/11\/WhatsApp-Image-2022-11-25-at-12.21.29-48x27.jpeg 48w\" sizes=\"auto, (max-width: 1024px) 100vw, 1024px\" \/><\/figure>\n\n\n\n<figure class=\"wp-block-image size-large\"><img loading=\"lazy\" decoding=\"async\" width=\"623\" height=\"361\" data-id=\"2790\" src=\"https:\/\/goiana.pe.leg.br\/portal\/wp-content\/uploads\/2022\/11\/eh3.jpg\" alt=\"\" class=\"wp-image-2790\" srcset=\"https:\/\/goiana.pe.leg.br\/portal\/wp-content\/uploads\/2022\/11\/eh3.jpg 623w, https:\/\/goiana.pe.leg.br\/portal\/wp-content\/uploads\/2022\/11\/eh3-300x174.jpg 300w, https:\/\/goiana.pe.leg.br\/portal\/wp-content\/uploads\/2022\/11\/eh3-24x14.jpg 24w, https:\/\/goiana.pe.leg.br\/portal\/wp-content\/uploads\/2022\/11\/eh3-36x21.jpg 36w, https:\/\/goiana.pe.leg.br\/portal\/wp-content\/uploads\/2022\/11\/eh3-48x28.jpg 48w\" sizes=\"auto, (max-width: 623px) 100vw, 623px\" \/><\/figure>\n\n\n\n<figure class=\"wp-block-image size-large\"><img loading=\"lazy\" decoding=\"async\" width=\"687\" height=\"377\" data-id=\"2789\" src=\"https:\/\/goiana.pe.leg.br\/portal\/wp-content\/uploads\/2022\/11\/eh2.jpg\" alt=\"\" class=\"wp-image-2789\" srcset=\"https:\/\/goiana.pe.leg.br\/portal\/wp-content\/uploads\/2022\/11\/eh2.jpg 687w, https:\/\/goiana.pe.leg.br\/portal\/wp-content\/uploads\/2022\/11\/eh2-300x165.jpg 300w, https:\/\/goiana.pe.leg.br\/portal\/wp-content\/uploads\/2022\/11\/eh2-24x13.jpg 24w, https:\/\/goiana.pe.leg.br\/portal\/wp-content\/uploads\/2022\/11\/eh2-36x20.jpg 36w, https:\/\/goiana.pe.leg.br\/portal\/wp-content\/uploads\/2022\/11\/eh2-48x26.jpg 48w\" sizes=\"auto, (max-width: 687px) 100vw, 687px\" \/><\/figure>\n\n\n\n<figure class=\"wp-block-image size-large\"><img loading=\"lazy\" decoding=\"async\" width=\"801\" height=\"425\" data-id=\"2791\" src=\"https:\/\/goiana.pe.leg.br\/portal\/wp-content\/uploads\/2022\/11\/eh.jpg\" alt=\"\" class=\"wp-image-2791\" srcset=\"https:\/\/goiana.pe.leg.br\/portal\/wp-content\/uploads\/2022\/11\/eh.jpg 801w, https:\/\/goiana.pe.leg.br\/portal\/wp-content\/uploads\/2022\/11\/eh-300x159.jpg 300w, https:\/\/goiana.pe.leg.br\/portal\/wp-content\/uploads\/2022\/11\/eh-768x407.jpg 768w, https:\/\/goiana.pe.leg.br\/portal\/wp-content\/uploads\/2022\/11\/eh-24x13.jpg 24w, https:\/\/goiana.pe.leg.br\/portal\/wp-content\/uploads\/2022\/11\/eh-36x19.jpg 36w, https:\/\/goiana.pe.leg.br\/portal\/wp-content\/uploads\/2022\/11\/eh-48x25.jpg 48w\" sizes=\"auto, (max-width: 801px) 100vw, 801px\" \/><\/figure>\n\n\n\n<figure class=\"wp-block-image size-large\"><img loading=\"lazy\" decoding=\"async\" width=\"540\" height=\"540\" data-id=\"2794\" src=\"https:\/\/goiana.pe.leg.br\/portal\/wp-content\/uploads\/2022\/11\/WhatsApp-Image-2022-11-14-at-11.39.28-1.jpeg\" alt=\"\" class=\"wp-image-2794\" srcset=\"https:\/\/goiana.pe.leg.br\/portal\/wp-content\/uploads\/2022\/11\/WhatsApp-Image-2022-11-14-at-11.39.28-1.jpeg 540w, https:\/\/goiana.pe.leg.br\/portal\/wp-content\/uploads\/2022\/11\/WhatsApp-Image-2022-11-14-at-11.39.28-1-300x300.jpeg 300w, https:\/\/goiana.pe.leg.br\/portal\/wp-content\/uploads\/2022\/11\/WhatsApp-Image-2022-11-14-at-11.39.28-1-150x150.jpeg 150w, https:\/\/goiana.pe.leg.br\/portal\/wp-content\/uploads\/2022\/11\/WhatsApp-Image-2022-11-14-at-11.39.28-1-24x24.jpeg 24w, https:\/\/goiana.pe.leg.br\/portal\/wp-content\/uploads\/2022\/11\/WhatsApp-Image-2022-11-14-at-11.39.28-1-36x36.jpeg 36w, https:\/\/goiana.pe.leg.br\/portal\/wp-content\/uploads\/2022\/11\/WhatsApp-Image-2022-11-14-at-11.39.28-1-48x48.jpeg 48w\" sizes=\"auto, (max-width: 540px) 100vw, 540px\" \/><\/figure>\n<\/figure>\n","protected":false},"excerpt":{"rendered":"<p>A Abertura da Exposi\u00e7\u00e3o Hist\u00f3rica \u201cRevisitando a Hist\u00f3ria de GOYANNA nas P\u00e1ginas de Livros e Jornais que o Tempo n\u00e3o Apagou\u201d, no Grande Recife, promovida pela C\u00e2mara Municipal de Goiana, em parceria com os governos estadual e municipal, foi realizada na sede do Arquivo P\u00fablico Estadual Jord\u00e3o Emerenciano, na manh\u00e3 do dia 16 de novembro.&hellip; <a class=\"more-link\" href=\"https:\/\/goiana.pe.leg.br\/portal\/?p=2788\">Continue lendo <span class=\"screen-reader-text\">C\u00c2MARA REALIZA EXPOSI\u00c7\u00c3O HIST\u00d3RICA, NO ARQUIVO P\u00daBLICO DE PERNAMBUCO<\/span><\/a><\/p>\n","protected":false},"author":2,"featured_media":2792,"comment_status":"closed","ping_status":"closed","sticky":false,"template":"","format":"standard","meta":{"_monsterinsights_skip_tracking":false,"_monsterinsights_sitenote_active":false,"_monsterinsights_sitenote_note":"","_monsterinsights_sitenote_category":0,"footnotes":""},"categories":[15,22,23],"tags":[],"class_list":["post-2788","post","type-post","status-publish","format-standard","has-post-thumbnail","hentry","category-destaque","category-acoe","category-noticias","entry"],"featured_image_urls":{"full":["https:\/\/goiana.pe.leg.br\/portal\/wp-content\/uploads\/2022\/11\/WhatsApp-Image-2022-11-25-at-12.21.29.jpeg",1024,580,false],"thumbnail":["https:\/\/goiana.pe.leg.br\/portal\/wp-content\/uploads\/2022\/11\/WhatsApp-Image-2022-11-25-at-12.21.29-150x150.jpeg",150,150,true],"medium":["https:\/\/goiana.pe.leg.br\/portal\/wp-content\/uploads\/2022\/11\/WhatsApp-Image-2022-11-25-at-12.21.29-300x170.jpeg",300,170,true],"medium_large":["https:\/\/goiana.pe.leg.br\/portal\/wp-content\/uploads\/2022\/11\/WhatsApp-Image-2022-11-25-at-12.21.29-768x435.jpeg",768,435,true],"large":["https:\/\/goiana.pe.leg.br\/portal\/wp-content\/uploads\/2022\/11\/WhatsApp-Image-2022-11-25-at-12.21.29.jpeg",1024,580,false],"1536x1536":["https:\/\/goiana.pe.leg.br\/portal\/wp-content\/uploads\/2022\/11\/WhatsApp-Image-2022-11-25-at-12.21.29.jpeg",1024,580,false],"2048x2048":["https:\/\/goiana.pe.leg.br\/portal\/wp-content\/uploads\/2022\/11\/WhatsApp-Image-2022-11-25-at-12.21.29.jpeg",1024,580,false],"post-thumbnail":["https:\/\/goiana.pe.leg.br\/portal\/wp-content\/uploads\/2022\/11\/WhatsApp-Image-2022-11-25-at-12.21.29.jpeg",1024,580,false],"menu-24x24":["https:\/\/goiana.pe.leg.br\/portal\/wp-content\/uploads\/2022\/11\/WhatsApp-Image-2022-11-25-at-12.21.29-24x14.jpeg",24,14,true],"menu-36x36":["https:\/\/goiana.pe.leg.br\/portal\/wp-content\/uploads\/2022\/11\/WhatsApp-Image-2022-11-25-at-12.21.29-36x20.jpeg",36,20,true],"menu-48x48":["https:\/\/goiana.pe.leg.br\/portal\/wp-content\/uploads\/2022\/11\/WhatsApp-Image-2022-11-25-at-12.21.29-48x27.jpeg",48,27,true]},"author_info":{"info":["Felipe Andrade"]},"category_info":"<a href=\"https:\/\/goiana.pe.leg.br\/portal\/?cat=15\" rel=\"category\">Destaque<\/a> <a href=\"https:\/\/goiana.pe.leg.br\/portal\/?cat=22\" rel=\"category\">Mat\u00e9rias<\/a> <a href=\"https:\/\/goiana.pe.leg.br\/portal\/?cat=23\" rel=\"category\">Not\u00edcias<\/a>","tag_info":"Not\u00edcias","comment_count":"0","_links":{"self":[{"href":"https:\/\/goiana.pe.leg.br\/portal\/index.php?rest_route=\/wp\/v2\/posts\/2788","targetHints":{"allow":["GET"]}}],"collection":[{"href":"https:\/\/goiana.pe.leg.br\/portal\/index.php?rest_route=\/wp\/v2\/posts"}],"about":[{"href":"https:\/\/goiana.pe.leg.br\/portal\/index.php?rest_route=\/wp\/v2\/types\/post"}],"author":[{"embeddable":true,"href":"https:\/\/goiana.pe.leg.br\/portal\/index.php?rest_route=\/wp\/v2\/users\/2"}],"replies":[{"embeddable":true,"href":"https:\/\/goiana.pe.leg.br\/portal\/index.php?rest_route=%2Fwp%2Fv2%2Fcomments&post=2788"}],"version-history":[{"count":0,"href":"https:\/\/goiana.pe.leg.br\/portal\/index.php?rest_route=\/wp\/v2\/posts\/2788\/revisions"}],"wp:featuredmedia":[{"embeddable":true,"href":"https:\/\/goiana.pe.leg.br\/portal\/index.php?rest_route=\/wp\/v2\/media\/2792"}],"wp:attachment":[{"href":"https:\/\/goiana.pe.leg.br\/portal\/index.php?rest_route=%2Fwp%2Fv2%2Fmedia&parent=2788"}],"wp:term":[{"taxonomy":"category","embeddable":true,"href":"https:\/\/goiana.pe.leg.br\/portal\/index.php?rest_route=%2Fwp%2Fv2%2Fcategories&post=2788"},{"taxonomy":"post_tag","embeddable":true,"href":"https:\/\/goiana.pe.leg.br\/portal\/index.php?rest_route=%2Fwp%2Fv2%2Ftags&post=2788"}],"curies":[{"name":"wp","href":"https:\/\/api.w.org\/{rel}","templated":true}]}}