{"id":2797,"date":"2022-11-25T16:17:00","date_gmt":"2022-11-25T16:17:00","guid":{"rendered":"https:\/\/goiana.pe.leg.br\/?p=2797"},"modified":"2022-11-25T16:17:00","modified_gmt":"2022-11-25T16:17:00","slug":"vereadores-goianenses-participam-do-congresso-estadual-da-uvp-em-arcoverde","status":"publish","type":"post","link":"https:\/\/goiana.pe.leg.br\/portal\/?p=2797","title":{"rendered":"VEREADORES GOIANENSES PARTICIPAM DO CONGRESSO ESTADUAL DA UVP, EM ARCOVERDE"},"content":{"rendered":"\n<p>A abertura do Congresso Estadual da Uni\u00e3o dos Vereadores de Pernambuco (UVP) aconteceu na manh\u00e3 de quinta-feira, 24, em Arcoverde, sert\u00e3o de Pernambuco. O grande evento conta com as presen\u00e7as dos vereadores goianenses e de diversas autoridades de todo o Estado.<\/p>\n\n\n\n<p><br>Na grade de programa\u00e7\u00e3o do primeiro dia do Congresso, o destaque foi para as palestras de autoridades dos poderes Legislativo e Executivo. O primeiro palestrante foi o professor e especialista em gest\u00e3o publica, Cl\u00e1udio Martins, do Distrito Federal (DF). Por conta da partida de estreia da Sele\u00e7\u00e3o Brasileira na Copa do Mundo, no Catar, o congresso teve in\u00edcio por volta das 8h30 e se encerrou no in\u00edcio da tarde.<\/p>\n\n\n\n<p>&#8220;Este \u00e9 um momento important\u00edssimo de buscarmos conhecimento para melhor servir a popula\u00e7\u00e3o goianense. A organiza\u00e7\u00e3o da UVP e a qualidade dos palestrantes nos proporcionam um ambiente rico para a aprendizagem. Al\u00e9m da busca pelo conhecimento, estar aqui, representando Goiana, tamb\u00e9m \u00e9 importante politicamente, pois grandes nomes da pol\u00edtica estadual se fazem presente. Nesta sexta-feira, inclusive, contaremos com a presen\u00e7a da vice-governadora eleita, Priscila Krause, que estar\u00e1 representando a governadora eleita, Raquel Lyra&#8221;, ressaltou o presidente da C\u00e2mara Municipal de Goiana, Eduardo Batista.<\/p>\n\n\n\n<p>Al\u00e9m da vice-governadora eleita, a programa\u00e7\u00e3o do grande Congresso da UVP desta sexta-feira (25) conta com as participa\u00e7\u00f5es de representantes do Tribunal Regional de Pernambuco, advogados, e representantes do Minist\u00e9rio P\u00fablico de Pernambuco (MPPE). A programa\u00e7\u00e3o teve in\u00edcio \u00e0s 9h e com previs\u00e3o de encerramento \u00e0s 16 horas.<\/p>\n\n\n\n<p>Um dos palestrantes mais aguardados do Congresso \u00e9 o diretor-geral do TRE-PE, Orson Santiago Lemos, que abordar\u00e1 o seguinte tema: &#8220;Estado democr\u00e1tico de Direito em tempos de Fake News&#8221;. Ainda como palestrantes, o professor universit\u00e1rio Raffi\u00ea Dellon tamb\u00e9m \u00e9 presen\u00e7a confirmada no congresso da UVP; ele abordar\u00e1 o tema \u2018inova\u00e7\u00f5es para um primeiro mandato\u2019. O advogado municipalista Bernardo Filho est\u00e1 na programa\u00e7\u00e3o como a abordagem \u2018Julgamento das Presta\u00e7\u00f5es de Contas pelo Poder Legislativo\u2019. A promotora de justi\u00e7a e embaixadora do Orelh\u00e3o Digital, Doutora Fernanda N\u00f3brega, volta ao congresso da UVP abordando a tem\u00e1tica sobre \u2018Projetos Institucionais do MPPE\u2019, entre eles a expans\u00e3o do Orelh\u00e3o Digital e os bons resultados do programa Cidade Pac\u00edfica.<\/p>\n\n\n\n<p>O assessor jur\u00eddico legislativo, Jo\u00e3o Luiz Lima Valeriano J\u00fanior, abordar\u00e1 \u2018as recomenda\u00e7\u00f5es do Tribunal de Contas do Estado frente ao Legislativo Municipal. A doutora em direito pela PPGD\/UFPE, Rosa Maria Freitas, falar\u00e1 sobre as \u2018Redes Sociais e C\u00f3digos de Conduta dos Candidatos. A advogada evidenciar\u00e1 a liberdade de express\u00e3o, discurso de \u00f3dio e puni\u00e7\u00f5es pol\u00edticas e jur\u00eddicas.<\/p>\n\n\n\n<p>O engenheiro ambiental, Doutor Ramon Borges Cordeiro, abordar\u00e1 a \u2018expans\u00e3o do ICMS Verde do Munic\u00edpio; algo que pode trazer mais recursos para as cidades compromissadas com a ecologia e o combate aos problemas ambientais.<\/p>\n\n\n\n<p>O evento iniciou-se no dia 23 e terminar\u00e1 no dia 26 deste m\u00eas, no audit\u00f3rio da Autarquia de Ensino Superior de Arcoverde (AESA).<\/p>\n\n\n\n<figure class=\"wp-block-gallery has-nested-images columns-default is-cropped wp-block-gallery-1 is-layout-flex wp-block-gallery-is-layout-flex\">\n<figure class=\"wp-block-image size-large\"><img loading=\"lazy\" decoding=\"async\" width=\"1024\" height=\"768\" data-id=\"2800\" src=\"https:\/\/goiana.pe.leg.br\/portal\/wp-content\/uploads\/2022\/11\/WhatsApp-Image-2022-11-25-at-11.32.54.jpeg\" alt=\"\" class=\"wp-image-2800\" srcset=\"https:\/\/goiana.pe.leg.br\/portal\/wp-content\/uploads\/2022\/11\/WhatsApp-Image-2022-11-25-at-11.32.54.jpeg 1024w, https:\/\/goiana.pe.leg.br\/portal\/wp-content\/uploads\/2022\/11\/WhatsApp-Image-2022-11-25-at-11.32.54-300x225.jpeg 300w, https:\/\/goiana.pe.leg.br\/portal\/wp-content\/uploads\/2022\/11\/WhatsApp-Image-2022-11-25-at-11.32.54-768x576.jpeg 768w, https:\/\/goiana.pe.leg.br\/portal\/wp-content\/uploads\/2022\/11\/WhatsApp-Image-2022-11-25-at-11.32.54-24x18.jpeg 24w, https:\/\/goiana.pe.leg.br\/portal\/wp-content\/uploads\/2022\/11\/WhatsApp-Image-2022-11-25-at-11.32.54-36x27.jpeg 36w, https:\/\/goiana.pe.leg.br\/portal\/wp-content\/uploads\/2022\/11\/WhatsApp-Image-2022-11-25-at-11.32.54-48x36.jpeg 48w\" sizes=\"auto, (max-width: 1024px) 100vw, 1024px\" \/><\/figure>\n\n\n\n<figure class=\"wp-block-image size-large\"><img loading=\"lazy\" decoding=\"async\" width=\"768\" height=\"1024\" data-id=\"2803\" src=\"https:\/\/goiana.pe.leg.br\/portal\/wp-content\/uploads\/2022\/11\/WhatsApp-Image-2022-11-24-at-13.04.57.jpeg\" alt=\"\" class=\"wp-image-2803\" srcset=\"https:\/\/goiana.pe.leg.br\/portal\/wp-content\/uploads\/2022\/11\/WhatsApp-Image-2022-11-24-at-13.04.57.jpeg 768w, https:\/\/goiana.pe.leg.br\/portal\/wp-content\/uploads\/2022\/11\/WhatsApp-Image-2022-11-24-at-13.04.57-225x300.jpeg 225w, https:\/\/goiana.pe.leg.br\/portal\/wp-content\/uploads\/2022\/11\/WhatsApp-Image-2022-11-24-at-13.04.57-18x24.jpeg 18w, https:\/\/goiana.pe.leg.br\/portal\/wp-content\/uploads\/2022\/11\/WhatsApp-Image-2022-11-24-at-13.04.57-27x36.jpeg 27w, https:\/\/goiana.pe.leg.br\/portal\/wp-content\/uploads\/2022\/11\/WhatsApp-Image-2022-11-24-at-13.04.57-36x48.jpeg 36w\" sizes=\"auto, (max-width: 768px) 100vw, 768px\" \/><\/figure>\n\n\n\n<figure class=\"wp-block-image size-large\"><img loading=\"lazy\" decoding=\"async\" width=\"768\" height=\"1024\" data-id=\"2799\" src=\"https:\/\/goiana.pe.leg.br\/portal\/wp-content\/uploads\/2022\/11\/WhatsApp-Image-2022-11-24-at-13.02.57.jpeg\" alt=\"\" class=\"wp-image-2799\" srcset=\"https:\/\/goiana.pe.leg.br\/portal\/wp-content\/uploads\/2022\/11\/WhatsApp-Image-2022-11-24-at-13.02.57.jpeg 768w, https:\/\/goiana.pe.leg.br\/portal\/wp-content\/uploads\/2022\/11\/WhatsApp-Image-2022-11-24-at-13.02.57-225x300.jpeg 225w, https:\/\/goiana.pe.leg.br\/portal\/wp-content\/uploads\/2022\/11\/WhatsApp-Image-2022-11-24-at-13.02.57-18x24.jpeg 18w, https:\/\/goiana.pe.leg.br\/portal\/wp-content\/uploads\/2022\/11\/WhatsApp-Image-2022-11-24-at-13.02.57-27x36.jpeg 27w, https:\/\/goiana.pe.leg.br\/portal\/wp-content\/uploads\/2022\/11\/WhatsApp-Image-2022-11-24-at-13.02.57-36x48.jpeg 36w\" sizes=\"auto, (max-width: 768px) 100vw, 768px\" \/><\/figure>\n\n\n\n<figure class=\"wp-block-image size-large\"><img loading=\"lazy\" decoding=\"async\" width=\"768\" height=\"1024\" data-id=\"2801\" src=\"https:\/\/goiana.pe.leg.br\/portal\/wp-content\/uploads\/2022\/11\/WhatsApp-Image-2022-11-24-at-13.01.36.jpeg\" alt=\"\" class=\"wp-image-2801\" srcset=\"https:\/\/goiana.pe.leg.br\/portal\/wp-content\/uploads\/2022\/11\/WhatsApp-Image-2022-11-24-at-13.01.36.jpeg 768w, https:\/\/goiana.pe.leg.br\/portal\/wp-content\/uploads\/2022\/11\/WhatsApp-Image-2022-11-24-at-13.01.36-225x300.jpeg 225w, https:\/\/goiana.pe.leg.br\/portal\/wp-content\/uploads\/2022\/11\/WhatsApp-Image-2022-11-24-at-13.01.36-18x24.jpeg 18w, https:\/\/goiana.pe.leg.br\/portal\/wp-content\/uploads\/2022\/11\/WhatsApp-Image-2022-11-24-at-13.01.36-27x36.jpeg 27w, https:\/\/goiana.pe.leg.br\/portal\/wp-content\/uploads\/2022\/11\/WhatsApp-Image-2022-11-24-at-13.01.36-36x48.jpeg 36w\" sizes=\"auto, (max-width: 768px) 100vw, 768px\" \/><\/figure>\n\n\n\n<figure class=\"wp-block-image size-large\"><img loading=\"lazy\" decoding=\"async\" width=\"1024\" height=\"768\" data-id=\"2798\" src=\"https:\/\/goiana.pe.leg.br\/portal\/wp-content\/uploads\/2022\/11\/WhatsApp-Image-2022-11-24-at-13.01.07-1.jpeg\" alt=\"\" class=\"wp-image-2798\" srcset=\"https:\/\/goiana.pe.leg.br\/portal\/wp-content\/uploads\/2022\/11\/WhatsApp-Image-2022-11-24-at-13.01.07-1.jpeg 1024w, https:\/\/goiana.pe.leg.br\/portal\/wp-content\/uploads\/2022\/11\/WhatsApp-Image-2022-11-24-at-13.01.07-1-300x225.jpeg 300w, https:\/\/goiana.pe.leg.br\/portal\/wp-content\/uploads\/2022\/11\/WhatsApp-Image-2022-11-24-at-13.01.07-1-768x576.jpeg 768w, https:\/\/goiana.pe.leg.br\/portal\/wp-content\/uploads\/2022\/11\/WhatsApp-Image-2022-11-24-at-13.01.07-1-24x18.jpeg 24w, https:\/\/goiana.pe.leg.br\/portal\/wp-content\/uploads\/2022\/11\/WhatsApp-Image-2022-11-24-at-13.01.07-1-36x27.jpeg 36w, https:\/\/goiana.pe.leg.br\/portal\/wp-content\/uploads\/2022\/11\/WhatsApp-Image-2022-11-24-at-13.01.07-1-48x36.jpeg 48w\" sizes=\"auto, (max-width: 1024px) 100vw, 1024px\" \/><\/figure>\n\n\n\n<figure class=\"wp-block-image size-large\"><img loading=\"lazy\" decoding=\"async\" width=\"1024\" height=\"768\" data-id=\"2802\" src=\"https:\/\/goiana.pe.leg.br\/portal\/wp-content\/uploads\/2022\/11\/WhatsApp-Image-2022-11-24-at-13.01.07.jpeg\" alt=\"\" class=\"wp-image-2802\" srcset=\"https:\/\/goiana.pe.leg.br\/portal\/wp-content\/uploads\/2022\/11\/WhatsApp-Image-2022-11-24-at-13.01.07.jpeg 1024w, https:\/\/goiana.pe.leg.br\/portal\/wp-content\/uploads\/2022\/11\/WhatsApp-Image-2022-11-24-at-13.01.07-300x225.jpeg 300w, https:\/\/goiana.pe.leg.br\/portal\/wp-content\/uploads\/2022\/11\/WhatsApp-Image-2022-11-24-at-13.01.07-768x576.jpeg 768w, https:\/\/goiana.pe.leg.br\/portal\/wp-content\/uploads\/2022\/11\/WhatsApp-Image-2022-11-24-at-13.01.07-24x18.jpeg 24w, https:\/\/goiana.pe.leg.br\/portal\/wp-content\/uploads\/2022\/11\/WhatsApp-Image-2022-11-24-at-13.01.07-36x27.jpeg 36w, https:\/\/goiana.pe.leg.br\/portal\/wp-content\/uploads\/2022\/11\/WhatsApp-Image-2022-11-24-at-13.01.07-48x36.jpeg 48w\" sizes=\"auto, (max-width: 1024px) 100vw, 1024px\" \/><\/figure>\n<\/figure>\n","protected":false},"excerpt":{"rendered":"<p>A abertura do Congresso Estadual da Uni\u00e3o dos Vereadores de Pernambuco (UVP) aconteceu na manh\u00e3 de quinta-feira, 24, em Arcoverde, sert\u00e3o de Pernambuco. O grande evento conta com as presen\u00e7as dos vereadores goianenses e de diversas autoridades de todo o Estado. Na grade de programa\u00e7\u00e3o do primeiro dia do Congresso, o destaque foi para as&hellip; <a class=\"more-link\" href=\"https:\/\/goiana.pe.leg.br\/portal\/?p=2797\">Continue lendo <span class=\"screen-reader-text\">VEREADORES GOIANENSES PARTICIPAM DO CONGRESSO ESTADUAL DA UVP, EM ARCOVERDE<\/span><\/a><\/p>\n","protected":false},"author":2,"featured_media":2802,"comment_status":"closed","ping_status":"closed","sticky":false,"template":"","format":"standard","meta":{"_monsterinsights_skip_tracking":false,"_monsterinsights_sitenote_active":false,"_monsterinsights_sitenote_note":"","_monsterinsights_sitenote_category":0,"footnotes":""},"categories":[15,22,23],"tags":[],"class_list":["post-2797","post","type-post","status-publish","format-standard","has-post-thumbnail","hentry","category-destaque","category-acoe","category-noticias","entry"],"featured_image_urls":{"full":["https:\/\/goiana.pe.leg.br\/portal\/wp-content\/uploads\/2022\/11\/WhatsApp-Image-2022-11-24-at-13.01.07.jpeg",1024,768,false],"thumbnail":["https:\/\/goiana.pe.leg.br\/portal\/wp-content\/uploads\/2022\/11\/WhatsApp-Image-2022-11-24-at-13.01.07-150x150.jpeg",150,150,true],"medium":["https:\/\/goiana.pe.leg.br\/portal\/wp-content\/uploads\/2022\/11\/WhatsApp-Image-2022-11-24-at-13.01.07-300x225.jpeg",300,225,true],"medium_large":["https:\/\/goiana.pe.leg.br\/portal\/wp-content\/uploads\/2022\/11\/WhatsApp-Image-2022-11-24-at-13.01.07-768x576.jpeg",768,576,true],"large":["https:\/\/goiana.pe.leg.br\/portal\/wp-content\/uploads\/2022\/11\/WhatsApp-Image-2022-11-24-at-13.01.07.jpeg",1024,768,false],"1536x1536":["https:\/\/goiana.pe.leg.br\/portal\/wp-content\/uploads\/2022\/11\/WhatsApp-Image-2022-11-24-at-13.01.07.jpeg",1024,768,false],"2048x2048":["https:\/\/goiana.pe.leg.br\/portal\/wp-content\/uploads\/2022\/11\/WhatsApp-Image-2022-11-24-at-13.01.07.jpeg",1024,768,false],"post-thumbnail":["https:\/\/goiana.pe.leg.br\/portal\/wp-content\/uploads\/2022\/11\/WhatsApp-Image-2022-11-24-at-13.01.07.jpeg",1024,768,false],"menu-24x24":["https:\/\/goiana.pe.leg.br\/portal\/wp-content\/uploads\/2022\/11\/WhatsApp-Image-2022-11-24-at-13.01.07-24x18.jpeg",24,18,true],"menu-36x36":["https:\/\/goiana.pe.leg.br\/portal\/wp-content\/uploads\/2022\/11\/WhatsApp-Image-2022-11-24-at-13.01.07-36x27.jpeg",36,27,true],"menu-48x48":["https:\/\/goiana.pe.leg.br\/portal\/wp-content\/uploads\/2022\/11\/WhatsApp-Image-2022-11-24-at-13.01.07-48x36.jpeg",48,36,true]},"author_info":{"info":["Felipe Andrade"]},"category_info":"<a href=\"https:\/\/goiana.pe.leg.br\/portal\/?cat=15\" rel=\"category\">Destaque<\/a> <a href=\"https:\/\/goiana.pe.leg.br\/portal\/?cat=22\" rel=\"category\">Mat\u00e9rias<\/a> <a href=\"https:\/\/goiana.pe.leg.br\/portal\/?cat=23\" rel=\"category\">Not\u00edcias<\/a>","tag_info":"Not\u00edcias","comment_count":"0","_links":{"self":[{"href":"https:\/\/goiana.pe.leg.br\/portal\/index.php?rest_route=\/wp\/v2\/posts\/2797","targetHints":{"allow":["GET"]}}],"collection":[{"href":"https:\/\/goiana.pe.leg.br\/portal\/index.php?rest_route=\/wp\/v2\/posts"}],"about":[{"href":"https:\/\/goiana.pe.leg.br\/portal\/index.php?rest_route=\/wp\/v2\/types\/post"}],"author":[{"embeddable":true,"href":"https:\/\/goiana.pe.leg.br\/portal\/index.php?rest_route=\/wp\/v2\/users\/2"}],"replies":[{"embeddable":true,"href":"https:\/\/goiana.pe.leg.br\/portal\/index.php?rest_route=%2Fwp%2Fv2%2Fcomments&post=2797"}],"version-history":[{"count":0,"href":"https:\/\/goiana.pe.leg.br\/portal\/index.php?rest_route=\/wp\/v2\/posts\/2797\/revisions"}],"wp:featuredmedia":[{"embeddable":true,"href":"https:\/\/goiana.pe.leg.br\/portal\/index.php?rest_route=\/wp\/v2\/media\/2802"}],"wp:attachment":[{"href":"https:\/\/goiana.pe.leg.br\/portal\/index.php?rest_route=%2Fwp%2Fv2%2Fmedia&parent=2797"}],"wp:term":[{"taxonomy":"category","embeddable":true,"href":"https:\/\/goiana.pe.leg.br\/portal\/index.php?rest_route=%2Fwp%2Fv2%2Fcategories&post=2797"},{"taxonomy":"post_tag","embeddable":true,"href":"https:\/\/goiana.pe.leg.br\/portal\/index.php?rest_route=%2Fwp%2Fv2%2Ftags&post=2797"}],"curies":[{"name":"wp","href":"https:\/\/api.w.org\/{rel}","templated":true}]}}