{"id":2841,"date":"2022-12-19T22:05:19","date_gmt":"2022-12-19T22:05:19","guid":{"rendered":"https:\/\/goiana.pe.leg.br\/?p=2841"},"modified":"2022-12-19T22:05:19","modified_gmt":"2022-12-19T22:05:19","slug":"camara-realizara-encerramento-de-exposicao-historica-na-sede-do-arquivo-publico-de-pernambuco","status":"publish","type":"post","link":"https:\/\/goiana.pe.leg.br\/portal\/?p=2841","title":{"rendered":"C\u00c2MARA REALIZAR\u00c1 ENCERRAMENTO DE EXPOSI\u00c7\u00c3O HIST\u00d3RICA, NA SEDE DO ARQUIVO P\u00daBLICO DE PERNAMBUCO"},"content":{"rendered":"\n<p>O grande encerramento da Exposi\u00e7\u00e3o Hist\u00f3rica \u201cRevisitando a Hist\u00f3ria de GOYANNA nas P\u00e1ginas de Livros e Jornais que o Tempo n\u00e3o Apagou\u201d, no Grande Recife, promovida pela C\u00e2mara Municipal de Goiana, em parceria com os governos estadual e municipal, ser\u00e1 realizado na sede do Arquivo P\u00fablico Estadual Jord\u00e3o Emerenciano, na manh\u00e3 do dia 21 de dezembro.<\/p>\n\n\n\n<p>A exposi\u00e7\u00e3o contou com a organiza\u00e7\u00e3o do diretor Administrativo da C\u00e2mara Municipal, Gilberto Cordeiro, e a curadoria do professor de Hist\u00f3ria, Marcos Paulo, e homenageou \u00c1lvaro Alvim, autor do Hino de Goiana, e o jornalista Jos\u00e9 Torres.&nbsp;<\/p>\n\n\n\n<p>&#8220;N\u00f3s temos o compromisso de enaltecer e divulgar a rica e nobre hist\u00f3ria goianense. Estamos muito felizes em ver que a nossa iniciativa teve o seu valor reconhecido pelo Governo de Pernambuco. Foi uma honra ver a nossa exposi\u00e7\u00e3o no Arquivo P\u00fablico de Pernambuco. Isso ajuda a recolocar Goiana em seu devido lugar de destaque em nosso Estado. Acredito que atrav\u00e9s dessa exposi\u00e7\u00e3o muitas pessoas, inclusive de outros estados, passaram a conhecer mais e melhor a hist\u00f3ria de Goiana&#8221;, disse o presidente da C\u00e2mara, Eduardo Batista.<\/p>\n\n\n\n<p>O evento de encerramento da exposi\u00e7\u00e3o, no Arquivo P\u00fablico Estadual Jord\u00e3o Emerenciano, localizado na Rua Dom Pedro II, bairro de Santo Ant\u00f4nio, Recife, ser\u00e1 realizado nesta quarta-feira, dia 21 de dezembro, \u00e0s 10h00. A entrada \u00e9 gratuita.\u00a0<\/p>\n\n\n\n<p>Confira o convite feito pelo presidente da C\u00e2mara Municipal de Goiana, Eduardo Batista, para o encerramento da referida exposi\u00e7\u00e3o:<\/p>\n\n\n\n<figure class=\"wp-block-image size-full\"><img loading=\"lazy\" decoding=\"async\" width=\"814\" height=\"852\" src=\"https:\/\/goiana.pe.leg.br\/portal\/wp-content\/uploads\/2022\/12\/WhatsApp-Image-2022-12-19-at-19.13.50.jpeg\" alt=\"\" class=\"wp-image-2844\" srcset=\"https:\/\/goiana.pe.leg.br\/portal\/wp-content\/uploads\/2022\/12\/WhatsApp-Image-2022-12-19-at-19.13.50.jpeg 814w, https:\/\/goiana.pe.leg.br\/portal\/wp-content\/uploads\/2022\/12\/WhatsApp-Image-2022-12-19-at-19.13.50-287x300.jpeg 287w, https:\/\/goiana.pe.leg.br\/portal\/wp-content\/uploads\/2022\/12\/WhatsApp-Image-2022-12-19-at-19.13.50-768x804.jpeg 768w, https:\/\/goiana.pe.leg.br\/portal\/wp-content\/uploads\/2022\/12\/WhatsApp-Image-2022-12-19-at-19.13.50-24x24.jpeg 24w, https:\/\/goiana.pe.leg.br\/portal\/wp-content\/uploads\/2022\/12\/WhatsApp-Image-2022-12-19-at-19.13.50-34x36.jpeg 34w, https:\/\/goiana.pe.leg.br\/portal\/wp-content\/uploads\/2022\/12\/WhatsApp-Image-2022-12-19-at-19.13.50-46x48.jpeg 46w\" sizes=\"auto, (max-width: 814px) 100vw, 814px\" \/><\/figure>\n","protected":false},"excerpt":{"rendered":"<p>O grande encerramento da Exposi\u00e7\u00e3o Hist\u00f3rica \u201cRevisitando a Hist\u00f3ria de GOYANNA nas P\u00e1ginas de Livros e Jornais que o Tempo n\u00e3o Apagou\u201d, no Grande Recife, promovida pela C\u00e2mara Municipal de Goiana, em parceria com os governos estadual e municipal, ser\u00e1 realizado na sede do Arquivo P\u00fablico Estadual Jord\u00e3o Emerenciano, na manh\u00e3 do dia 21 de&hellip; <a class=\"more-link\" href=\"https:\/\/goiana.pe.leg.br\/portal\/?p=2841\">Continue lendo <span class=\"screen-reader-text\">C\u00c2MARA REALIZAR\u00c1 ENCERRAMENTO DE EXPOSI\u00c7\u00c3O HIST\u00d3RICA, NA SEDE DO ARQUIVO P\u00daBLICO DE PERNAMBUCO<\/span><\/a><\/p>\n","protected":false},"author":2,"featured_media":2842,"comment_status":"closed","ping_status":"closed","sticky":false,"template":"","format":"standard","meta":{"_monsterinsights_skip_tracking":false,"_monsterinsights_sitenote_active":false,"_monsterinsights_sitenote_note":"","_monsterinsights_sitenote_category":0,"footnotes":""},"categories":[22,23],"tags":[],"class_list":["post-2841","post","type-post","status-publish","format-standard","has-post-thumbnail","hentry","category-acoe","category-noticias","entry"],"featured_image_urls":{"full":["https:\/\/goiana.pe.leg.br\/portal\/wp-content\/uploads\/2022\/12\/WhatsApp-Image-2022-12-19-at-10.45.47.jpeg",1080,1080,false],"thumbnail":["https:\/\/goiana.pe.leg.br\/portal\/wp-content\/uploads\/2022\/12\/WhatsApp-Image-2022-12-19-at-10.45.47-150x150.jpeg",150,150,true],"medium":["https:\/\/goiana.pe.leg.br\/portal\/wp-content\/uploads\/2022\/12\/WhatsApp-Image-2022-12-19-at-10.45.47-300x300.jpeg",300,300,true],"medium_large":["https:\/\/goiana.pe.leg.br\/portal\/wp-content\/uploads\/2022\/12\/WhatsApp-Image-2022-12-19-at-10.45.47-768x768.jpeg",768,768,true],"large":["https:\/\/goiana.pe.leg.br\/portal\/wp-content\/uploads\/2022\/12\/WhatsApp-Image-2022-12-19-at-10.45.47-1024x1024.jpeg",1024,1024,true],"1536x1536":["https:\/\/goiana.pe.leg.br\/portal\/wp-content\/uploads\/2022\/12\/WhatsApp-Image-2022-12-19-at-10.45.47.jpeg",1080,1080,false],"2048x2048":["https:\/\/goiana.pe.leg.br\/portal\/wp-content\/uploads\/2022\/12\/WhatsApp-Image-2022-12-19-at-10.45.47.jpeg",1080,1080,false],"post-thumbnail":["https:\/\/goiana.pe.leg.br\/portal\/wp-content\/uploads\/2022\/12\/WhatsApp-Image-2022-12-19-at-10.45.47.jpeg",1080,1080,false],"menu-24x24":["https:\/\/goiana.pe.leg.br\/portal\/wp-content\/uploads\/2022\/12\/WhatsApp-Image-2022-12-19-at-10.45.47-24x24.jpeg",24,24,true],"menu-36x36":["https:\/\/goiana.pe.leg.br\/portal\/wp-content\/uploads\/2022\/12\/WhatsApp-Image-2022-12-19-at-10.45.47-36x36.jpeg",36,36,true],"menu-48x48":["https:\/\/goiana.pe.leg.br\/portal\/wp-content\/uploads\/2022\/12\/WhatsApp-Image-2022-12-19-at-10.45.47-48x48.jpeg",48,48,true]},"author_info":{"info":["Felipe Andrade"]},"category_info":"<a href=\"https:\/\/goiana.pe.leg.br\/portal\/?cat=22\" rel=\"category\">Mat\u00e9rias<\/a> <a href=\"https:\/\/goiana.pe.leg.br\/portal\/?cat=23\" rel=\"category\">Not\u00edcias<\/a>","tag_info":"Not\u00edcias","comment_count":"0","_links":{"self":[{"href":"https:\/\/goiana.pe.leg.br\/portal\/index.php?rest_route=\/wp\/v2\/posts\/2841","targetHints":{"allow":["GET"]}}],"collection":[{"href":"https:\/\/goiana.pe.leg.br\/portal\/index.php?rest_route=\/wp\/v2\/posts"}],"about":[{"href":"https:\/\/goiana.pe.leg.br\/portal\/index.php?rest_route=\/wp\/v2\/types\/post"}],"author":[{"embeddable":true,"href":"https:\/\/goiana.pe.leg.br\/portal\/index.php?rest_route=\/wp\/v2\/users\/2"}],"replies":[{"embeddable":true,"href":"https:\/\/goiana.pe.leg.br\/portal\/index.php?rest_route=%2Fwp%2Fv2%2Fcomments&post=2841"}],"version-history":[{"count":0,"href":"https:\/\/goiana.pe.leg.br\/portal\/index.php?rest_route=\/wp\/v2\/posts\/2841\/revisions"}],"wp:featuredmedia":[{"embeddable":true,"href":"https:\/\/goiana.pe.leg.br\/portal\/index.php?rest_route=\/wp\/v2\/media\/2842"}],"wp:attachment":[{"href":"https:\/\/goiana.pe.leg.br\/portal\/index.php?rest_route=%2Fwp%2Fv2%2Fmedia&parent=2841"}],"wp:term":[{"taxonomy":"category","embeddable":true,"href":"https:\/\/goiana.pe.leg.br\/portal\/index.php?rest_route=%2Fwp%2Fv2%2Fcategories&post=2841"},{"taxonomy":"post_tag","embeddable":true,"href":"https:\/\/goiana.pe.leg.br\/portal\/index.php?rest_route=%2Fwp%2Fv2%2Ftags&post=2841"}],"curies":[{"name":"wp","href":"https:\/\/api.w.org\/{rel}","templated":true}]}}