{"id":2865,"date":"2023-01-01T18:05:21","date_gmt":"2023-01-01T18:05:21","guid":{"rendered":"https:\/\/goiana.pe.leg.br\/?p=2865"},"modified":"2023-01-01T18:05:21","modified_gmt":"2023-01-01T18:05:21","slug":"nova-mesa-diretora-da-camara-municipal-e-empossada","status":"publish","type":"post","link":"https:\/\/goiana.pe.leg.br\/portal\/?p=2865","title":{"rendered":"NOVA MESA DIRETORA DA C\u00c2MARA MUNICIPAL \u00c9 EMPOSSADA"},"content":{"rendered":"\n<p>A Mesa Diretora eleita para o bi\u00eanio 2023\/2024 tomou posse neste domingo, dia 01 de janeiro, com o vereador Eduardo Batista reeleito presidente do Poder Legislativo de Goiana. A cerim\u00f4nia ocorreu no Plen\u00e1rio Clovis Fontenelle da C\u00e2mara Municipal, \u00e0s 11h00. <\/p>\n\n\n\n<p>Al\u00e9m de Eduardo Batista, integram a Mesa Diretora os seguintes vereadores: 1\u00ba vice-presidente , Pedro Henrique; 2\u00ba vice-presidente, Cid do Caranguejo; 1\u00ba secret\u00e1rio, Edson da Farm\u00e1cia; 2\u00ba secret\u00e1rio, Ramon Aranha.<\/p>\n\n\n\n<p>A elei\u00e7\u00e3o da Mesa Diretora foi realizada com chapa \u00fanica, em junho de 2021, em uma inequ\u00edvoca demonstra\u00e7\u00e3o de harmonia e uni\u00e3o entre os integrantes do Poder Legislativo.<\/p>\n\n\n\n<p>Na avalia\u00e7\u00e3o do presidente da C\u00e2mara, a sua reelei\u00e7\u00e3o se deve aos bons resultados alcan\u00e7ados de sua administra\u00e7\u00e3o e o respeito com todos os parlamentares. &#8220;Esta gra\u00e7a, a mim concedida, \u00e9 fruto da vontade do meus irm\u00e3os vereadores, aos quais renovo minha sincera gratid\u00e3o. No mandato conclu\u00eddo, creio ter sido o mais democr\u00e1tico poss\u00edvel, a fim de atender as necessidades da Casa e, sobretudo, da popula\u00e7\u00e3o goianense&#8221;, disse.<\/p>\n\n\n\n<p>O presidente ainda falou sobre seus principais objetivos para o bi\u00eanio que se inicia, que s\u00e3o realizar significativas melhorias na estrutura f\u00edsica da C\u00e2mara Municipal, aprimorar a qualidade das atividades legislativas e levar para toda a comunidade goianense benef\u00edcios concretos para o desenvolvimento urban\u00edstico, social, econ\u00f4mico e cultural.  <\/p>\n\n\n\n<p>No encerramento da solenidade, Eduardo Batista agradeceu mais uma vez ao povo pela confian\u00e7a nele depositada, aos vereadores e a todos os servidores da C\u00e2mara.<\/p>\n\n\n\n<figure class=\"wp-block-gallery has-nested-images columns-default is-cropped wp-block-gallery-1 is-layout-flex wp-block-gallery-is-layout-flex\">\n<figure class=\"wp-block-image size-large\"><img loading=\"lazy\" decoding=\"async\" width=\"1024\" height=\"768\" data-id=\"2870\" src=\"https:\/\/goiana.pe.leg.br\/portal\/wp-content\/uploads\/2023\/01\/WhatsApp-Image-2023-01-01-at-14.59.26-1024x768.jpeg\" alt=\"\" class=\"wp-image-2870\" srcset=\"https:\/\/goiana.pe.leg.br\/portal\/wp-content\/uploads\/2023\/01\/WhatsApp-Image-2023-01-01-at-14.59.26-1024x768.jpeg 1024w, https:\/\/goiana.pe.leg.br\/portal\/wp-content\/uploads\/2023\/01\/WhatsApp-Image-2023-01-01-at-14.59.26-300x225.jpeg 300w, https:\/\/goiana.pe.leg.br\/portal\/wp-content\/uploads\/2023\/01\/WhatsApp-Image-2023-01-01-at-14.59.26-768x576.jpeg 768w, https:\/\/goiana.pe.leg.br\/portal\/wp-content\/uploads\/2023\/01\/WhatsApp-Image-2023-01-01-at-14.59.26-1536x1152.jpeg 1536w, https:\/\/goiana.pe.leg.br\/portal\/wp-content\/uploads\/2023\/01\/WhatsApp-Image-2023-01-01-at-14.59.26-1568x1176.jpeg 1568w, https:\/\/goiana.pe.leg.br\/portal\/wp-content\/uploads\/2023\/01\/WhatsApp-Image-2023-01-01-at-14.59.26-24x18.jpeg 24w, https:\/\/goiana.pe.leg.br\/portal\/wp-content\/uploads\/2023\/01\/WhatsApp-Image-2023-01-01-at-14.59.26-36x27.jpeg 36w, https:\/\/goiana.pe.leg.br\/portal\/wp-content\/uploads\/2023\/01\/WhatsApp-Image-2023-01-01-at-14.59.26-48x36.jpeg 48w, https:\/\/goiana.pe.leg.br\/portal\/wp-content\/uploads\/2023\/01\/WhatsApp-Image-2023-01-01-at-14.59.26.jpeg 1600w\" sizes=\"auto, (max-width: 1024px) 100vw, 1024px\" \/><\/figure>\n\n\n\n<figure class=\"wp-block-image size-large\"><img loading=\"lazy\" decoding=\"async\" width=\"768\" height=\"1024\" data-id=\"2868\" src=\"https:\/\/goiana.pe.leg.br\/portal\/wp-content\/uploads\/2023\/01\/WhatsApp-Image-2023-01-01-at-14.59.24-768x1024.jpeg\" alt=\"\" class=\"wp-image-2868\" srcset=\"https:\/\/goiana.pe.leg.br\/portal\/wp-content\/uploads\/2023\/01\/WhatsApp-Image-2023-01-01-at-14.59.24-768x1024.jpeg 768w, https:\/\/goiana.pe.leg.br\/portal\/wp-content\/uploads\/2023\/01\/WhatsApp-Image-2023-01-01-at-14.59.24-225x300.jpeg 225w, https:\/\/goiana.pe.leg.br\/portal\/wp-content\/uploads\/2023\/01\/WhatsApp-Image-2023-01-01-at-14.59.24-1152x1536.jpeg 1152w, https:\/\/goiana.pe.leg.br\/portal\/wp-content\/uploads\/2023\/01\/WhatsApp-Image-2023-01-01-at-14.59.24-18x24.jpeg 18w, https:\/\/goiana.pe.leg.br\/portal\/wp-content\/uploads\/2023\/01\/WhatsApp-Image-2023-01-01-at-14.59.24-27x36.jpeg 27w, https:\/\/goiana.pe.leg.br\/portal\/wp-content\/uploads\/2023\/01\/WhatsApp-Image-2023-01-01-at-14.59.24-36x48.jpeg 36w, https:\/\/goiana.pe.leg.br\/portal\/wp-content\/uploads\/2023\/01\/WhatsApp-Image-2023-01-01-at-14.59.24.jpeg 1200w\" sizes=\"auto, (max-width: 768px) 100vw, 768px\" \/><\/figure>\n\n\n\n<figure class=\"wp-block-image size-large\"><img loading=\"lazy\" decoding=\"async\" width=\"1024\" height=\"768\" data-id=\"2873\" src=\"https:\/\/goiana.pe.leg.br\/portal\/wp-content\/uploads\/2023\/01\/WhatsApp-Image-2023-01-01-at-14.59.22-1024x768.jpeg\" alt=\"\" class=\"wp-image-2873\" srcset=\"https:\/\/goiana.pe.leg.br\/portal\/wp-content\/uploads\/2023\/01\/WhatsApp-Image-2023-01-01-at-14.59.22-1024x768.jpeg 1024w, https:\/\/goiana.pe.leg.br\/portal\/wp-content\/uploads\/2023\/01\/WhatsApp-Image-2023-01-01-at-14.59.22-300x225.jpeg 300w, https:\/\/goiana.pe.leg.br\/portal\/wp-content\/uploads\/2023\/01\/WhatsApp-Image-2023-01-01-at-14.59.22-768x576.jpeg 768w, https:\/\/goiana.pe.leg.br\/portal\/wp-content\/uploads\/2023\/01\/WhatsApp-Image-2023-01-01-at-14.59.22-1536x1152.jpeg 1536w, https:\/\/goiana.pe.leg.br\/portal\/wp-content\/uploads\/2023\/01\/WhatsApp-Image-2023-01-01-at-14.59.22-1568x1176.jpeg 1568w, https:\/\/goiana.pe.leg.br\/portal\/wp-content\/uploads\/2023\/01\/WhatsApp-Image-2023-01-01-at-14.59.22-24x18.jpeg 24w, https:\/\/goiana.pe.leg.br\/portal\/wp-content\/uploads\/2023\/01\/WhatsApp-Image-2023-01-01-at-14.59.22-36x27.jpeg 36w, https:\/\/goiana.pe.leg.br\/portal\/wp-content\/uploads\/2023\/01\/WhatsApp-Image-2023-01-01-at-14.59.22-48x36.jpeg 48w, https:\/\/goiana.pe.leg.br\/portal\/wp-content\/uploads\/2023\/01\/WhatsApp-Image-2023-01-01-at-14.59.22.jpeg 1600w\" sizes=\"auto, (max-width: 1024px) 100vw, 1024px\" \/><\/figure>\n\n\n\n<figure class=\"wp-block-image size-large\"><img loading=\"lazy\" decoding=\"async\" width=\"768\" height=\"1024\" data-id=\"2866\" src=\"https:\/\/goiana.pe.leg.br\/portal\/wp-content\/uploads\/2023\/01\/WhatsApp-Image-2023-01-01-at-14.59.20-3-768x1024.jpeg\" alt=\"\" class=\"wp-image-2866\" srcset=\"https:\/\/goiana.pe.leg.br\/portal\/wp-content\/uploads\/2023\/01\/WhatsApp-Image-2023-01-01-at-14.59.20-3-768x1024.jpeg 768w, https:\/\/goiana.pe.leg.br\/portal\/wp-content\/uploads\/2023\/01\/WhatsApp-Image-2023-01-01-at-14.59.20-3-225x300.jpeg 225w, https:\/\/goiana.pe.leg.br\/portal\/wp-content\/uploads\/2023\/01\/WhatsApp-Image-2023-01-01-at-14.59.20-3-1152x1536.jpeg 1152w, https:\/\/goiana.pe.leg.br\/portal\/wp-content\/uploads\/2023\/01\/WhatsApp-Image-2023-01-01-at-14.59.20-3-18x24.jpeg 18w, https:\/\/goiana.pe.leg.br\/portal\/wp-content\/uploads\/2023\/01\/WhatsApp-Image-2023-01-01-at-14.59.20-3-27x36.jpeg 27w, https:\/\/goiana.pe.leg.br\/portal\/wp-content\/uploads\/2023\/01\/WhatsApp-Image-2023-01-01-at-14.59.20-3-36x48.jpeg 36w, https:\/\/goiana.pe.leg.br\/portal\/wp-content\/uploads\/2023\/01\/WhatsApp-Image-2023-01-01-at-14.59.20-3.jpeg 1200w\" sizes=\"auto, (max-width: 768px) 100vw, 768px\" \/><\/figure>\n\n\n\n<figure class=\"wp-block-image size-large\"><img loading=\"lazy\" decoding=\"async\" width=\"768\" height=\"1024\" data-id=\"2867\" src=\"https:\/\/goiana.pe.leg.br\/portal\/wp-content\/uploads\/2023\/01\/WhatsApp-Image-2023-01-01-at-14.59.20-2-768x1024.jpeg\" alt=\"\" class=\"wp-image-2867\" srcset=\"https:\/\/goiana.pe.leg.br\/portal\/wp-content\/uploads\/2023\/01\/WhatsApp-Image-2023-01-01-at-14.59.20-2-768x1024.jpeg 768w, https:\/\/goiana.pe.leg.br\/portal\/wp-content\/uploads\/2023\/01\/WhatsApp-Image-2023-01-01-at-14.59.20-2-225x300.jpeg 225w, https:\/\/goiana.pe.leg.br\/portal\/wp-content\/uploads\/2023\/01\/WhatsApp-Image-2023-01-01-at-14.59.20-2-1152x1536.jpeg 1152w, https:\/\/goiana.pe.leg.br\/portal\/wp-content\/uploads\/2023\/01\/WhatsApp-Image-2023-01-01-at-14.59.20-2-18x24.jpeg 18w, https:\/\/goiana.pe.leg.br\/portal\/wp-content\/uploads\/2023\/01\/WhatsApp-Image-2023-01-01-at-14.59.20-2-27x36.jpeg 27w, https:\/\/goiana.pe.leg.br\/portal\/wp-content\/uploads\/2023\/01\/WhatsApp-Image-2023-01-01-at-14.59.20-2-36x48.jpeg 36w, https:\/\/goiana.pe.leg.br\/portal\/wp-content\/uploads\/2023\/01\/WhatsApp-Image-2023-01-01-at-14.59.20-2.jpeg 1200w\" sizes=\"auto, (max-width: 768px) 100vw, 768px\" \/><\/figure>\n\n\n\n<figure class=\"wp-block-image size-large\"><img loading=\"lazy\" decoding=\"async\" width=\"768\" height=\"1024\" data-id=\"2869\" src=\"https:\/\/goiana.pe.leg.br\/portal\/wp-content\/uploads\/2023\/01\/WhatsApp-Image-2023-01-01-at-14.59.20-1-768x1024.jpeg\" alt=\"\" class=\"wp-image-2869\" srcset=\"https:\/\/goiana.pe.leg.br\/portal\/wp-content\/uploads\/2023\/01\/WhatsApp-Image-2023-01-01-at-14.59.20-1-768x1024.jpeg 768w, https:\/\/goiana.pe.leg.br\/portal\/wp-content\/uploads\/2023\/01\/WhatsApp-Image-2023-01-01-at-14.59.20-1-225x300.jpeg 225w, https:\/\/goiana.pe.leg.br\/portal\/wp-content\/uploads\/2023\/01\/WhatsApp-Image-2023-01-01-at-14.59.20-1-1152x1536.jpeg 1152w, https:\/\/goiana.pe.leg.br\/portal\/wp-content\/uploads\/2023\/01\/WhatsApp-Image-2023-01-01-at-14.59.20-1-18x24.jpeg 18w, https:\/\/goiana.pe.leg.br\/portal\/wp-content\/uploads\/2023\/01\/WhatsApp-Image-2023-01-01-at-14.59.20-1-27x36.jpeg 27w, https:\/\/goiana.pe.leg.br\/portal\/wp-content\/uploads\/2023\/01\/WhatsApp-Image-2023-01-01-at-14.59.20-1-36x48.jpeg 36w, https:\/\/goiana.pe.leg.br\/portal\/wp-content\/uploads\/2023\/01\/WhatsApp-Image-2023-01-01-at-14.59.20-1.jpeg 1200w\" sizes=\"auto, (max-width: 768px) 100vw, 768px\" \/><\/figure>\n\n\n\n<figure class=\"wp-block-image size-large\"><img loading=\"lazy\" decoding=\"async\" width=\"768\" height=\"1024\" data-id=\"2872\" src=\"https:\/\/goiana.pe.leg.br\/portal\/wp-content\/uploads\/2023\/01\/WhatsApp-Image-2023-01-01-at-14.59.19-1-768x1024.jpeg\" alt=\"\" class=\"wp-image-2872\" srcset=\"https:\/\/goiana.pe.leg.br\/portal\/wp-content\/uploads\/2023\/01\/WhatsApp-Image-2023-01-01-at-14.59.19-1-768x1024.jpeg 768w, https:\/\/goiana.pe.leg.br\/portal\/wp-content\/uploads\/2023\/01\/WhatsApp-Image-2023-01-01-at-14.59.19-1-225x300.jpeg 225w, https:\/\/goiana.pe.leg.br\/portal\/wp-content\/uploads\/2023\/01\/WhatsApp-Image-2023-01-01-at-14.59.19-1-1152x1536.jpeg 1152w, https:\/\/goiana.pe.leg.br\/portal\/wp-content\/uploads\/2023\/01\/WhatsApp-Image-2023-01-01-at-14.59.19-1-18x24.jpeg 18w, https:\/\/goiana.pe.leg.br\/portal\/wp-content\/uploads\/2023\/01\/WhatsApp-Image-2023-01-01-at-14.59.19-1-27x36.jpeg 27w, https:\/\/goiana.pe.leg.br\/portal\/wp-content\/uploads\/2023\/01\/WhatsApp-Image-2023-01-01-at-14.59.19-1-36x48.jpeg 36w, https:\/\/goiana.pe.leg.br\/portal\/wp-content\/uploads\/2023\/01\/WhatsApp-Image-2023-01-01-at-14.59.19-1.jpeg 1200w\" sizes=\"auto, (max-width: 768px) 100vw, 768px\" \/><\/figure>\n\n\n\n<figure class=\"wp-block-image size-large\"><img loading=\"lazy\" decoding=\"async\" width=\"768\" height=\"1024\" data-id=\"2871\" src=\"https:\/\/goiana.pe.leg.br\/portal\/wp-content\/uploads\/2023\/01\/WhatsApp-Image-2023-01-01-at-14.59.19-768x1024.jpeg\" alt=\"\" class=\"wp-image-2871\" srcset=\"https:\/\/goiana.pe.leg.br\/portal\/wp-content\/uploads\/2023\/01\/WhatsApp-Image-2023-01-01-at-14.59.19-768x1024.jpeg 768w, https:\/\/goiana.pe.leg.br\/portal\/wp-content\/uploads\/2023\/01\/WhatsApp-Image-2023-01-01-at-14.59.19-225x300.jpeg 225w, https:\/\/goiana.pe.leg.br\/portal\/wp-content\/uploads\/2023\/01\/WhatsApp-Image-2023-01-01-at-14.59.19-1152x1536.jpeg 1152w, https:\/\/goiana.pe.leg.br\/portal\/wp-content\/uploads\/2023\/01\/WhatsApp-Image-2023-01-01-at-14.59.19-18x24.jpeg 18w, https:\/\/goiana.pe.leg.br\/portal\/wp-content\/uploads\/2023\/01\/WhatsApp-Image-2023-01-01-at-14.59.19-27x36.jpeg 27w, https:\/\/goiana.pe.leg.br\/portal\/wp-content\/uploads\/2023\/01\/WhatsApp-Image-2023-01-01-at-14.59.19-36x48.jpeg 36w, https:\/\/goiana.pe.leg.br\/portal\/wp-content\/uploads\/2023\/01\/WhatsApp-Image-2023-01-01-at-14.59.19.jpeg 1200w\" sizes=\"auto, (max-width: 768px) 100vw, 768px\" \/><\/figure>\n\n\n\n<figure class=\"wp-block-image size-large\"><img loading=\"lazy\" decoding=\"async\" width=\"1024\" height=\"768\" data-id=\"2876\" src=\"https:\/\/goiana.pe.leg.br\/portal\/wp-content\/uploads\/2023\/01\/WhatsApp-Image-2023-01-01-at-14.59.17-1024x768.jpeg\" alt=\"\" class=\"wp-image-2876\" srcset=\"https:\/\/goiana.pe.leg.br\/portal\/wp-content\/uploads\/2023\/01\/WhatsApp-Image-2023-01-01-at-14.59.17-1024x768.jpeg 1024w, https:\/\/goiana.pe.leg.br\/portal\/wp-content\/uploads\/2023\/01\/WhatsApp-Image-2023-01-01-at-14.59.17-300x225.jpeg 300w, https:\/\/goiana.pe.leg.br\/portal\/wp-content\/uploads\/2023\/01\/WhatsApp-Image-2023-01-01-at-14.59.17-768x576.jpeg 768w, https:\/\/goiana.pe.leg.br\/portal\/wp-content\/uploads\/2023\/01\/WhatsApp-Image-2023-01-01-at-14.59.17-1536x1152.jpeg 1536w, https:\/\/goiana.pe.leg.br\/portal\/wp-content\/uploads\/2023\/01\/WhatsApp-Image-2023-01-01-at-14.59.17-1568x1176.jpeg 1568w, https:\/\/goiana.pe.leg.br\/portal\/wp-content\/uploads\/2023\/01\/WhatsApp-Image-2023-01-01-at-14.59.17-24x18.jpeg 24w, https:\/\/goiana.pe.leg.br\/portal\/wp-content\/uploads\/2023\/01\/WhatsApp-Image-2023-01-01-at-14.59.17-36x27.jpeg 36w, https:\/\/goiana.pe.leg.br\/portal\/wp-content\/uploads\/2023\/01\/WhatsApp-Image-2023-01-01-at-14.59.17-48x36.jpeg 48w, https:\/\/goiana.pe.leg.br\/portal\/wp-content\/uploads\/2023\/01\/WhatsApp-Image-2023-01-01-at-14.59.17.jpeg 1600w\" sizes=\"auto, (max-width: 1024px) 100vw, 1024px\" \/><\/figure>\n\n\n\n<figure class=\"wp-block-image size-large\"><img loading=\"lazy\" decoding=\"async\" width=\"1024\" height=\"768\" data-id=\"2875\" src=\"https:\/\/goiana.pe.leg.br\/portal\/wp-content\/uploads\/2023\/01\/WhatsApp-Image-2023-01-01-at-14.59.12-1024x768.jpeg\" alt=\"\" class=\"wp-image-2875\" srcset=\"https:\/\/goiana.pe.leg.br\/portal\/wp-content\/uploads\/2023\/01\/WhatsApp-Image-2023-01-01-at-14.59.12-1024x768.jpeg 1024w, https:\/\/goiana.pe.leg.br\/portal\/wp-content\/uploads\/2023\/01\/WhatsApp-Image-2023-01-01-at-14.59.12-300x225.jpeg 300w, https:\/\/goiana.pe.leg.br\/portal\/wp-content\/uploads\/2023\/01\/WhatsApp-Image-2023-01-01-at-14.59.12-768x576.jpeg 768w, https:\/\/goiana.pe.leg.br\/portal\/wp-content\/uploads\/2023\/01\/WhatsApp-Image-2023-01-01-at-14.59.12-1536x1152.jpeg 1536w, https:\/\/goiana.pe.leg.br\/portal\/wp-content\/uploads\/2023\/01\/WhatsApp-Image-2023-01-01-at-14.59.12-1568x1176.jpeg 1568w, https:\/\/goiana.pe.leg.br\/portal\/wp-content\/uploads\/2023\/01\/WhatsApp-Image-2023-01-01-at-14.59.12-24x18.jpeg 24w, https:\/\/goiana.pe.leg.br\/portal\/wp-content\/uploads\/2023\/01\/WhatsApp-Image-2023-01-01-at-14.59.12-36x27.jpeg 36w, https:\/\/goiana.pe.leg.br\/portal\/wp-content\/uploads\/2023\/01\/WhatsApp-Image-2023-01-01-at-14.59.12-48x36.jpeg 48w, https:\/\/goiana.pe.leg.br\/portal\/wp-content\/uploads\/2023\/01\/WhatsApp-Image-2023-01-01-at-14.59.12.jpeg 1600w\" sizes=\"auto, (max-width: 1024px) 100vw, 1024px\" \/><\/figure>\n<\/figure>\n","protected":false},"excerpt":{"rendered":"<p>A Mesa Diretora eleita para o bi\u00eanio 2023\/2024 tomou posse neste domingo, dia 01 de janeiro, com o vereador Eduardo Batista reeleito presidente do Poder Legislativo de Goiana. A cerim\u00f4nia ocorreu no Plen\u00e1rio Clovis Fontenelle da C\u00e2mara Municipal, \u00e0s 11h00. Al\u00e9m de Eduardo Batista, integram a Mesa Diretora os seguintes vereadores: 1\u00ba vice-presidente , Pedro&hellip; <a class=\"more-link\" href=\"https:\/\/goiana.pe.leg.br\/portal\/?p=2865\">Continue lendo <span class=\"screen-reader-text\">NOVA MESA DIRETORA DA C\u00c2MARA MUNICIPAL \u00c9 EMPOSSADA<\/span><\/a><\/p>\n","protected":false},"author":2,"featured_media":2876,"comment_status":"closed","ping_status":"closed","sticky":false,"template":"","format":"standard","meta":{"_monsterinsights_skip_tracking":false,"_monsterinsights_sitenote_active":false,"_monsterinsights_sitenote_note":"","_monsterinsights_sitenote_category":0,"footnotes":""},"categories":[22,23,1],"tags":[],"class_list":["post-2865","post","type-post","status-publish","format-standard","has-post-thumbnail","hentry","category-acoe","category-noticias","category-uncategorized","entry"],"featured_image_urls":{"full":["https:\/\/goiana.pe.leg.br\/portal\/wp-content\/uploads\/2023\/01\/WhatsApp-Image-2023-01-01-at-14.59.17.jpeg",1600,1200,false],"thumbnail":["https:\/\/goiana.pe.leg.br\/portal\/wp-content\/uploads\/2023\/01\/WhatsApp-Image-2023-01-01-at-14.59.17-150x150.jpeg",150,150,true],"medium":["https:\/\/goiana.pe.leg.br\/portal\/wp-content\/uploads\/2023\/01\/WhatsApp-Image-2023-01-01-at-14.59.17-300x225.jpeg",300,225,true],"medium_large":["https:\/\/goiana.pe.leg.br\/portal\/wp-content\/uploads\/2023\/01\/WhatsApp-Image-2023-01-01-at-14.59.17-768x576.jpeg",768,576,true],"large":["https:\/\/goiana.pe.leg.br\/portal\/wp-content\/uploads\/2023\/01\/WhatsApp-Image-2023-01-01-at-14.59.17-1024x768.jpeg",1024,768,true],"1536x1536":["https:\/\/goiana.pe.leg.br\/portal\/wp-content\/uploads\/2023\/01\/WhatsApp-Image-2023-01-01-at-14.59.17-1536x1152.jpeg",1536,1152,true],"2048x2048":["https:\/\/goiana.pe.leg.br\/portal\/wp-content\/uploads\/2023\/01\/WhatsApp-Image-2023-01-01-at-14.59.17.jpeg",1600,1200,false],"post-thumbnail":["https:\/\/goiana.pe.leg.br\/portal\/wp-content\/uploads\/2023\/01\/WhatsApp-Image-2023-01-01-at-14.59.17-1568x1176.jpeg",1568,1176,true],"menu-24x24":["https:\/\/goiana.pe.leg.br\/portal\/wp-content\/uploads\/2023\/01\/WhatsApp-Image-2023-01-01-at-14.59.17-24x18.jpeg",24,18,true],"menu-36x36":["https:\/\/goiana.pe.leg.br\/portal\/wp-content\/uploads\/2023\/01\/WhatsApp-Image-2023-01-01-at-14.59.17-36x27.jpeg",36,27,true],"menu-48x48":["https:\/\/goiana.pe.leg.br\/portal\/wp-content\/uploads\/2023\/01\/WhatsApp-Image-2023-01-01-at-14.59.17-48x36.jpeg",48,36,true]},"author_info":{"info":["Felipe Andrade"]},"category_info":"<a href=\"https:\/\/goiana.pe.leg.br\/portal\/?cat=22\" rel=\"category\">Mat\u00e9rias<\/a> <a href=\"https:\/\/goiana.pe.leg.br\/portal\/?cat=23\" rel=\"category\">Not\u00edcias<\/a> <a href=\"https:\/\/goiana.pe.leg.br\/portal\/?cat=1\" rel=\"category\">Uncategorized<\/a>","tag_info":"Uncategorized","comment_count":"0","_links":{"self":[{"href":"https:\/\/goiana.pe.leg.br\/portal\/index.php?rest_route=\/wp\/v2\/posts\/2865","targetHints":{"allow":["GET"]}}],"collection":[{"href":"https:\/\/goiana.pe.leg.br\/portal\/index.php?rest_route=\/wp\/v2\/posts"}],"about":[{"href":"https:\/\/goiana.pe.leg.br\/portal\/index.php?rest_route=\/wp\/v2\/types\/post"}],"author":[{"embeddable":true,"href":"https:\/\/goiana.pe.leg.br\/portal\/index.php?rest_route=\/wp\/v2\/users\/2"}],"replies":[{"embeddable":true,"href":"https:\/\/goiana.pe.leg.br\/portal\/index.php?rest_route=%2Fwp%2Fv2%2Fcomments&post=2865"}],"version-history":[{"count":0,"href":"https:\/\/goiana.pe.leg.br\/portal\/index.php?rest_route=\/wp\/v2\/posts\/2865\/revisions"}],"wp:featuredmedia":[{"embeddable":true,"href":"https:\/\/goiana.pe.leg.br\/portal\/index.php?rest_route=\/wp\/v2\/media\/2876"}],"wp:attachment":[{"href":"https:\/\/goiana.pe.leg.br\/portal\/index.php?rest_route=%2Fwp%2Fv2%2Fmedia&parent=2865"}],"wp:term":[{"taxonomy":"category","embeddable":true,"href":"https:\/\/goiana.pe.leg.br\/portal\/index.php?rest_route=%2Fwp%2Fv2%2Fcategories&post=2865"},{"taxonomy":"post_tag","embeddable":true,"href":"https:\/\/goiana.pe.leg.br\/portal\/index.php?rest_route=%2Fwp%2Fv2%2Ftags&post=2865"}],"curies":[{"name":"wp","href":"https:\/\/api.w.org\/{rel}","templated":true}]}}