{"id":2893,"date":"2023-01-28T15:43:40","date_gmt":"2023-01-28T15:43:40","guid":{"rendered":"https:\/\/goiana.pe.leg.br\/?p=2893"},"modified":"2023-01-28T15:43:40","modified_gmt":"2023-01-28T15:43:40","slug":"camara-municipal-devolveu-mais-de-r-24-milhoes-para-prefeitura-de-goiana-em-dois-anos","status":"publish","type":"post","link":"https:\/\/goiana.pe.leg.br\/portal\/?p=2893","title":{"rendered":"C\u00c2MARA MUNICIPAL DEVOLVEU MAIS DE R$ 2,4 MILH\u00d5ES PARA PREFEITURA DE GOIANA EM DOIS ANOS"},"content":{"rendered":"\n<p>Mais uma vez a gest\u00e3o do presidente da C\u00e2mara Municipal de Goiana, Eduardo Batista, se destaca no cen\u00e1rio estadual devido sua responsabilidade e zelo pelo er\u00e1rio p\u00fablico. No primeiro bi\u00eanio (2021\/2022) da atual Legislatura, foram quitadas d\u00edvidas de gest\u00f5es passadas, indeniza\u00e7\u00f5es trabalhistas foram pagas e R$ 2.410.000,00 (dois milh\u00f5es quatrocentos e dez mil reais) foi devolvido para os cofres da Prefeitura, referente \u00e0 economia promovida na utiliza\u00e7\u00e3o do Duod\u00e9cimo (quantia mensal repassada pelo Poder Executivo para funcionamento do Poder Legislativo).<\/p>\n\n\n\n<p>Os feitos da gest\u00e3o de Eduardo Batista impressionam pelo valor milion\u00e1rio dos recursos que foram economizados e que agora podem ser revertidos em obras e melhorias dos servi\u00e7os p\u00fablicos ofertados pelo munic\u00edpio para a popula\u00e7\u00e3o.<\/p>\n\n\n\n<p>Em 2021, foi devolvida a quantia de R$ 1.650.000,00 (um milh\u00e3o seiscentos e cinquenta mil reais). E, em 2022 a quantia devolvida aos cofres do munic\u00edpio foi de R$ 760.000,000 (setecentos e sessenta mil reais).<\/p>\n\n\n\n<p>Para al\u00e9m da hist\u00f3rica economia de recursos p\u00fablicos, a gest\u00e3o de Eduardo Batista colocou as finan\u00e7as do Poder Legislativo totalmente em dia. Foram quitadas todas as indeniza\u00e7\u00f5es trabalhistas e d\u00e9bitos de gest\u00f5es passadas. Atualmente a C\u00e2mara cumpre com todas as suas obriga\u00e7\u00f5es, seja com o pagamento de sal\u00e1rios, impostos e, ainda, os repasses para o INSS, Goianaprevi e Receita Federal.<\/p>\n\n\n\n<p>&#8220;A C\u00e2mara Municipal de Goiana est\u00e1 em dia com todas as suas obriga\u00e7\u00f5es e sem d\u00edvidas. Quitamos d\u00e9bitos antigos, todos os impostos e as indeniza\u00e7\u00f5es trabalhistas. Com a Casa em ordem, agora n\u00f3s pensamos em dar um passo adiante, que \u00e9 melhorar significativamente a estrutura f\u00edsica da C\u00e2mara&#8221;, disse Batista.<\/p>\n\n\n\n<p>Devido sua capacidade de unir os vereadores goianenses e, tamb\u00e9m, pelos excelentes resultados obtidos por sua gest\u00e3o nos dois \u00faltimos anos, Eduardo Batista foi reeleito presidente da C\u00e2mara para o segundo bi\u00eanio (2023\/2024) da atual Legislatura. E, al\u00e9m de seguir com seu compromisso de zelar pelo bom uso do er\u00e1rio p\u00fablico, Eduardo Batista agora projeta realizar melhorias significativas na estrutura da Casa Jos\u00e9 Pinto de Abreu, que dever\u00e3o ficar marcadas no legado de sua presid\u00eancia.<\/p>\n\n\n\n<p><strong>ENTENDA A DEVOLU\u00c7\u00c3O DE RECURSOS<\/strong><\/p>\n\n\n\n<p>Os recursos do Poder Legislativo s\u00e3o provenientes de repasses (Duod\u00e9cimo) que o Poder Executivo faz mensalmente. Quando o valor n\u00e3o \u00e9 gasto em sua totalidade, por lei, as C\u00e2maras Municipais s\u00e3o obrigadas a devolver o montante. No entanto, cada C\u00e2mara tem total autonomia para gastar 100% do valor caso julgue necess\u00e1rio. Cabe, ent\u00e3o, \u00e0 Presid\u00eancia de cada C\u00e2mara definir quais ser\u00e3o as prioridades e quanto ser\u00e1 gasto pela institui\u00e7\u00e3o. Nesta devolu\u00e7\u00e3o, por exemplo, a atual presid\u00eancia optou ficar em dia com todas as sua obriga\u00e7\u00f5es, quitar d\u00edvidas e poupar o m\u00e1ximo de gastos para devolver uma quantia hist\u00f3rica para a Prefeitura, que por sua vez poder\u00e1 utiliz\u00e1-la para benef\u00edcio da popula\u00e7\u00e3o.<\/p>\n\n\n\n<figure class=\"wp-block-gallery has-nested-images columns-default is-cropped wp-block-gallery-1 is-layout-flex wp-block-gallery-is-layout-flex\">\n<figure class=\"wp-block-image size-large\"><img loading=\"lazy\" decoding=\"async\" width=\"1024\" height=\"777\" data-id=\"2896\" src=\"https:\/\/goiana.pe.leg.br\/portal\/wp-content\/uploads\/2023\/01\/WhatsApp-Image-2023-01-28-at-12.52.54-1024x777.jpeg\" alt=\"\" class=\"wp-image-2896\" srcset=\"https:\/\/goiana.pe.leg.br\/portal\/wp-content\/uploads\/2023\/01\/WhatsApp-Image-2023-01-28-at-12.52.54-1024x777.jpeg 1024w, https:\/\/goiana.pe.leg.br\/portal\/wp-content\/uploads\/2023\/01\/WhatsApp-Image-2023-01-28-at-12.52.54-300x228.jpeg 300w, https:\/\/goiana.pe.leg.br\/portal\/wp-content\/uploads\/2023\/01\/WhatsApp-Image-2023-01-28-at-12.52.54-768x583.jpeg 768w, https:\/\/goiana.pe.leg.br\/portal\/wp-content\/uploads\/2023\/01\/WhatsApp-Image-2023-01-28-at-12.52.54-24x18.jpeg 24w, https:\/\/goiana.pe.leg.br\/portal\/wp-content\/uploads\/2023\/01\/WhatsApp-Image-2023-01-28-at-12.52.54-36x27.jpeg 36w, https:\/\/goiana.pe.leg.br\/portal\/wp-content\/uploads\/2023\/01\/WhatsApp-Image-2023-01-28-at-12.52.54-48x36.jpeg 48w, https:\/\/goiana.pe.leg.br\/portal\/wp-content\/uploads\/2023\/01\/WhatsApp-Image-2023-01-28-at-12.52.54.jpeg 1408w\" sizes=\"auto, (max-width: 1024px) 100vw, 1024px\" \/><\/figure>\n\n\n\n<figure class=\"wp-block-image size-large\"><img loading=\"lazy\" decoding=\"async\" width=\"1024\" height=\"836\" data-id=\"2897\" src=\"https:\/\/goiana.pe.leg.br\/portal\/wp-content\/uploads\/2023\/01\/WhatsApp-Image-2023-01-28-at-12.52.53-1024x836.jpeg\" alt=\"\" class=\"wp-image-2897\" srcset=\"https:\/\/goiana.pe.leg.br\/portal\/wp-content\/uploads\/2023\/01\/WhatsApp-Image-2023-01-28-at-12.52.53-1024x836.jpeg 1024w, https:\/\/goiana.pe.leg.br\/portal\/wp-content\/uploads\/2023\/01\/WhatsApp-Image-2023-01-28-at-12.52.53-300x245.jpeg 300w, https:\/\/goiana.pe.leg.br\/portal\/wp-content\/uploads\/2023\/01\/WhatsApp-Image-2023-01-28-at-12.52.53-768x627.jpeg 768w, https:\/\/goiana.pe.leg.br\/portal\/wp-content\/uploads\/2023\/01\/WhatsApp-Image-2023-01-28-at-12.52.53-1536x1254.jpeg 1536w, https:\/\/goiana.pe.leg.br\/portal\/wp-content\/uploads\/2023\/01\/WhatsApp-Image-2023-01-28-at-12.52.53-1568x1280.jpeg 1568w, https:\/\/goiana.pe.leg.br\/portal\/wp-content\/uploads\/2023\/01\/WhatsApp-Image-2023-01-28-at-12.52.53-24x20.jpeg 24w, https:\/\/goiana.pe.leg.br\/portal\/wp-content\/uploads\/2023\/01\/WhatsApp-Image-2023-01-28-at-12.52.53-36x29.jpeg 36w, https:\/\/goiana.pe.leg.br\/portal\/wp-content\/uploads\/2023\/01\/WhatsApp-Image-2023-01-28-at-12.52.53-48x39.jpeg 48w, https:\/\/goiana.pe.leg.br\/portal\/wp-content\/uploads\/2023\/01\/WhatsApp-Image-2023-01-28-at-12.52.53.jpeg 1600w\" sizes=\"auto, (max-width: 1024px) 100vw, 1024px\" \/><\/figure>\n<\/figure>\n","protected":false},"excerpt":{"rendered":"<p>Mais uma vez a gest\u00e3o do presidente da C\u00e2mara Municipal de Goiana, Eduardo Batista, se destaca no cen\u00e1rio estadual devido sua responsabilidade e zelo pelo er\u00e1rio p\u00fablico. No primeiro bi\u00eanio (2021\/2022) da atual Legislatura, foram quitadas d\u00edvidas de gest\u00f5es passadas, indeniza\u00e7\u00f5es trabalhistas foram pagas e R$ 2.410.000,00 (dois milh\u00f5es quatrocentos e dez mil reais) foi&hellip; <a class=\"more-link\" href=\"https:\/\/goiana.pe.leg.br\/portal\/?p=2893\">Continue lendo <span class=\"screen-reader-text\">C\u00c2MARA MUNICIPAL DEVOLVEU MAIS DE R$ 2,4 MILH\u00d5ES PARA PREFEITURA DE GOIANA EM DOIS ANOS<\/span><\/a><\/p>\n","protected":false},"author":2,"featured_media":2894,"comment_status":"closed","ping_status":"closed","sticky":false,"template":"","format":"standard","meta":{"_monsterinsights_skip_tracking":false,"_monsterinsights_sitenote_active":false,"_monsterinsights_sitenote_note":"","_monsterinsights_sitenote_category":0,"footnotes":""},"categories":[22,23],"tags":[],"class_list":["post-2893","post","type-post","status-publish","format-standard","has-post-thumbnail","hentry","category-acoe","category-noticias","entry"],"featured_image_urls":{"full":["https:\/\/goiana.pe.leg.br\/portal\/wp-content\/uploads\/2023\/01\/WhatsApp-Image-2023-01-26-at-19.12.22.jpeg",1280,853,false],"thumbnail":["https:\/\/goiana.pe.leg.br\/portal\/wp-content\/uploads\/2023\/01\/WhatsApp-Image-2023-01-26-at-19.12.22-150x150.jpeg",150,150,true],"medium":["https:\/\/goiana.pe.leg.br\/portal\/wp-content\/uploads\/2023\/01\/WhatsApp-Image-2023-01-26-at-19.12.22-300x200.jpeg",300,200,true],"medium_large":["https:\/\/goiana.pe.leg.br\/portal\/wp-content\/uploads\/2023\/01\/WhatsApp-Image-2023-01-26-at-19.12.22-768x512.jpeg",768,512,true],"large":["https:\/\/goiana.pe.leg.br\/portal\/wp-content\/uploads\/2023\/01\/WhatsApp-Image-2023-01-26-at-19.12.22-1024x682.jpeg",1024,682,true],"1536x1536":["https:\/\/goiana.pe.leg.br\/portal\/wp-content\/uploads\/2023\/01\/WhatsApp-Image-2023-01-26-at-19.12.22.jpeg",1280,853,false],"2048x2048":["https:\/\/goiana.pe.leg.br\/portal\/wp-content\/uploads\/2023\/01\/WhatsApp-Image-2023-01-26-at-19.12.22.jpeg",1280,853,false],"post-thumbnail":["https:\/\/goiana.pe.leg.br\/portal\/wp-content\/uploads\/2023\/01\/WhatsApp-Image-2023-01-26-at-19.12.22.jpeg",1280,853,false],"menu-24x24":["https:\/\/goiana.pe.leg.br\/portal\/wp-content\/uploads\/2023\/01\/WhatsApp-Image-2023-01-26-at-19.12.22-24x16.jpeg",24,16,true],"menu-36x36":["https:\/\/goiana.pe.leg.br\/portal\/wp-content\/uploads\/2023\/01\/WhatsApp-Image-2023-01-26-at-19.12.22-36x24.jpeg",36,24,true],"menu-48x48":["https:\/\/goiana.pe.leg.br\/portal\/wp-content\/uploads\/2023\/01\/WhatsApp-Image-2023-01-26-at-19.12.22-48x32.jpeg",48,32,true]},"author_info":{"info":["Felipe Andrade"]},"category_info":"<a href=\"https:\/\/goiana.pe.leg.br\/portal\/?cat=22\" rel=\"category\">Mat\u00e9rias<\/a> <a href=\"https:\/\/goiana.pe.leg.br\/portal\/?cat=23\" rel=\"category\">Not\u00edcias<\/a>","tag_info":"Not\u00edcias","comment_count":"0","_links":{"self":[{"href":"https:\/\/goiana.pe.leg.br\/portal\/index.php?rest_route=\/wp\/v2\/posts\/2893","targetHints":{"allow":["GET"]}}],"collection":[{"href":"https:\/\/goiana.pe.leg.br\/portal\/index.php?rest_route=\/wp\/v2\/posts"}],"about":[{"href":"https:\/\/goiana.pe.leg.br\/portal\/index.php?rest_route=\/wp\/v2\/types\/post"}],"author":[{"embeddable":true,"href":"https:\/\/goiana.pe.leg.br\/portal\/index.php?rest_route=\/wp\/v2\/users\/2"}],"replies":[{"embeddable":true,"href":"https:\/\/goiana.pe.leg.br\/portal\/index.php?rest_route=%2Fwp%2Fv2%2Fcomments&post=2893"}],"version-history":[{"count":0,"href":"https:\/\/goiana.pe.leg.br\/portal\/index.php?rest_route=\/wp\/v2\/posts\/2893\/revisions"}],"wp:featuredmedia":[{"embeddable":true,"href":"https:\/\/goiana.pe.leg.br\/portal\/index.php?rest_route=\/wp\/v2\/media\/2894"}],"wp:attachment":[{"href":"https:\/\/goiana.pe.leg.br\/portal\/index.php?rest_route=%2Fwp%2Fv2%2Fmedia&parent=2893"}],"wp:term":[{"taxonomy":"category","embeddable":true,"href":"https:\/\/goiana.pe.leg.br\/portal\/index.php?rest_route=%2Fwp%2Fv2%2Fcategories&post=2893"},{"taxonomy":"post_tag","embeddable":true,"href":"https:\/\/goiana.pe.leg.br\/portal\/index.php?rest_route=%2Fwp%2Fv2%2Ftags&post=2893"}],"curies":[{"name":"wp","href":"https:\/\/api.w.org\/{rel}","templated":true}]}}