{"id":2969,"date":"2023-04-14T01:58:34","date_gmt":"2023-04-14T01:58:34","guid":{"rendered":"https:\/\/goiana.pe.leg.br\/?p=2969"},"modified":"2023-04-14T01:58:34","modified_gmt":"2023-04-14T01:58:34","slug":"camara-realizou-audiencia-publica-sobre-plano-de-recuperacao-judicial-do-grupo-joao-santos","status":"publish","type":"post","link":"https:\/\/goiana.pe.leg.br\/portal\/?p=2969","title":{"rendered":"C\u00c2MARA REALIZOU AUDI\u00caNCIA P\u00daBLICA SOBRE PLANO DE RECUPERA\u00c7\u00c3O JUDICIAL DO GRUPO JO\u00c3O SANTOS"},"content":{"rendered":"\n<p>Atendendo ao requerimento N\u00ba 019\/2023, de autoria do vereador Alexandre Carvalho, o presidente da C\u00e2mara Municipal de Goiana, Eduardo Batista, determinou a realiza\u00e7\u00e3o de uma Audi\u00eancia P\u00fablica para debater o Plano de Recupera\u00e7\u00e3o Judicial do Grupo Jo\u00e3o Santos, na noite de quarta-feira (12\/04), no plen\u00e1rio da Casa Jos\u00e9 Pinto de Abreu.<\/p>\n\n\n\n<p>Al\u00e9m de Eduardo Batista e Alexandre Carvalho, tamb\u00e9m estiveram presentes na ocasi\u00e3o os vereadores Carlos Vi\u00e9gas J\u00fanior e Ibson Gouveia, a ex-vereadora de Goiana, Olga Sena, o ex-advogado do Grupo Jo\u00e3o Santos, Dr. Arnaldo Alexandre, o vice-prefeito da cidade de Juripiranga-PB, Dr. Marcos Henrique, o presidente da Subseccional Goiana da Ordem dos Advogados do Brasil (OAB), Dr. Emanuel Sena, o vice-presidente da Subseccional Goiana da Ordem dos Advogados do Brasil (OAB), Dr. Silvio Sena Filho, a representante do Sindicato dos Trabalhadores da Ind\u00fastria do A\u00e7\u00facar e do \u00c1lcool do Estado de Pernambuco (Sintriaaep), Dr. Caroline Silvestre de Matos, o vice-presidente do Sindicato dos Trabalhadores Rurais de Itaquitinga, S\u00e9rgio Francisco, e a representante da Federa\u00e7\u00e3o dos Assalariados Rurais de Pernambuco (FETAEPE), Cristiana Maria de Andrade.&nbsp;<\/p>\n\n\n\n<p>O Grupo Jo\u00e3o Santos representa mais de 40 empresas, entre elas est\u00e3o algumas que s\u00e3o historicamente importantes no cen\u00e1rio socioecon\u00f4mico do munic\u00edpio de Goiana como, por exemplo, a Usina Santa Teresa e Itapessoca, cujos funcion\u00e1rios e ex-funcion\u00e1rios est\u00e3o buscando judicialmente suas verbas trabalhistas. No entanto, at\u00e9 este momento os trabalhadores que buscam os seus direitos n\u00e3o obtiveram sucesso na Justi\u00e7a.<\/p>\n\n\n\n<p>E, com o Plano de Recupera\u00e7\u00e3o Judicial apresentado pelo Grupo Jo\u00e3o Santos a situa\u00e7\u00e3o de funcion\u00e1rios e ex-funcion\u00e1rios ficar\u00e1 ainda pior. Nele est\u00e1 previsto o pagamento de apenas 10% do cr\u00e9dito trabalhista que os trabalhadores t\u00eam direito.&nbsp;&nbsp;<\/p>\n\n\n\n<p>Autor do requerimento que deu origem a Audi\u00eancia P\u00fablica, o vereador Alexandre Carvalho afirmou estar ao lado dos trabalhadores. &#8220;N\u00e3o precisa saber muito sobre o Direito para saber que voc\u00eas est\u00e3o com a raz\u00e3o. O direito de voc\u00eas est\u00e1 estampado no rosto de cada um que dedicou sua vida, na luta do campo, lutando para sustentar seus filhos e filhas. Ent\u00e3o, nada mais justo que esta Casa Legislativa abra as suas portas e diga que aqui voc\u00eas trabalhadores tem acolhida&#8221;, disse.<\/p>\n\n\n\n<p>O vice-prefeito da cidade de Juripiranga-PB, Dr. Marcos Henrique, denunciou que existem pol\u00edticos agindo em favor do Grupo Jo\u00e3o Santos, mas que os advogados da OAB est\u00e3o dispostos a interferir e desmascarar aquilo que ele classificou como &#8220;m\u00e1fia&#8221;.&nbsp;<\/p>\n\n\n\n<p>A ata da Audi\u00eancia P\u00fablica foi aprovada, de forma un\u00e2nime, e assinada pelas centenas de pessoas que estiveram presentes na ocasi\u00e3o. Foi anunciado que o documento ser\u00e1 encaminhado aos \u00f3rg\u00e3os dos Poderes Judici\u00e1rio, Legislativo e Executivo do Estado de Pernambuco, al\u00e9m de divulgado na imprensa.<\/p>\n\n\n\n<figure class=\"wp-block-gallery has-nested-images columns-default is-cropped wp-block-gallery-1 is-layout-flex wp-block-gallery-is-layout-flex\">\n<figure class=\"wp-block-image size-large\"><img loading=\"lazy\" decoding=\"async\" width=\"1024\" height=\"768\" data-id=\"2971\" src=\"https:\/\/goiana.pe.leg.br\/portal\/wp-content\/uploads\/2023\/04\/WhatsApp-Image-2023-04-12-at-21.49.10.jpeg\" alt=\"\" class=\"wp-image-2971\" srcset=\"https:\/\/goiana.pe.leg.br\/portal\/wp-content\/uploads\/2023\/04\/WhatsApp-Image-2023-04-12-at-21.49.10.jpeg 1024w, https:\/\/goiana.pe.leg.br\/portal\/wp-content\/uploads\/2023\/04\/WhatsApp-Image-2023-04-12-at-21.49.10-300x225.jpeg 300w, https:\/\/goiana.pe.leg.br\/portal\/wp-content\/uploads\/2023\/04\/WhatsApp-Image-2023-04-12-at-21.49.10-768x576.jpeg 768w, https:\/\/goiana.pe.leg.br\/portal\/wp-content\/uploads\/2023\/04\/WhatsApp-Image-2023-04-12-at-21.49.10-24x18.jpeg 24w, https:\/\/goiana.pe.leg.br\/portal\/wp-content\/uploads\/2023\/04\/WhatsApp-Image-2023-04-12-at-21.49.10-36x27.jpeg 36w, https:\/\/goiana.pe.leg.br\/portal\/wp-content\/uploads\/2023\/04\/WhatsApp-Image-2023-04-12-at-21.49.10-48x36.jpeg 48w\" sizes=\"auto, (max-width: 1024px) 100vw, 1024px\" \/><\/figure>\n\n\n\n<figure class=\"wp-block-image size-large\"><img loading=\"lazy\" decoding=\"async\" width=\"1024\" height=\"768\" data-id=\"2974\" src=\"https:\/\/goiana.pe.leg.br\/portal\/wp-content\/uploads\/2023\/04\/WhatsApp-Image-2023-04-13-at-22.49.28-1024x768.jpeg\" alt=\"\" class=\"wp-image-2974\" srcset=\"https:\/\/goiana.pe.leg.br\/portal\/wp-content\/uploads\/2023\/04\/WhatsApp-Image-2023-04-13-at-22.49.28-1024x768.jpeg 1024w, https:\/\/goiana.pe.leg.br\/portal\/wp-content\/uploads\/2023\/04\/WhatsApp-Image-2023-04-13-at-22.49.28-300x225.jpeg 300w, https:\/\/goiana.pe.leg.br\/portal\/wp-content\/uploads\/2023\/04\/WhatsApp-Image-2023-04-13-at-22.49.28-768x576.jpeg 768w, https:\/\/goiana.pe.leg.br\/portal\/wp-content\/uploads\/2023\/04\/WhatsApp-Image-2023-04-13-at-22.49.28-1536x1152.jpeg 1536w, https:\/\/goiana.pe.leg.br\/portal\/wp-content\/uploads\/2023\/04\/WhatsApp-Image-2023-04-13-at-22.49.28-1568x1176.jpeg 1568w, https:\/\/goiana.pe.leg.br\/portal\/wp-content\/uploads\/2023\/04\/WhatsApp-Image-2023-04-13-at-22.49.28-24x18.jpeg 24w, https:\/\/goiana.pe.leg.br\/portal\/wp-content\/uploads\/2023\/04\/WhatsApp-Image-2023-04-13-at-22.49.28-36x27.jpeg 36w, https:\/\/goiana.pe.leg.br\/portal\/wp-content\/uploads\/2023\/04\/WhatsApp-Image-2023-04-13-at-22.49.28-48x36.jpeg 48w, https:\/\/goiana.pe.leg.br\/portal\/wp-content\/uploads\/2023\/04\/WhatsApp-Image-2023-04-13-at-22.49.28.jpeg 1600w\" sizes=\"auto, (max-width: 1024px) 100vw, 1024px\" \/><\/figure>\n\n\n\n<figure class=\"wp-block-image size-large\"><img loading=\"lazy\" decoding=\"async\" width=\"768\" height=\"1024\" data-id=\"2972\" src=\"https:\/\/goiana.pe.leg.br\/portal\/wp-content\/uploads\/2023\/04\/WhatsApp-Image-2023-04-13-at-22.49.32-768x1024.jpeg\" alt=\"\" class=\"wp-image-2972\" srcset=\"https:\/\/goiana.pe.leg.br\/portal\/wp-content\/uploads\/2023\/04\/WhatsApp-Image-2023-04-13-at-22.49.32-768x1024.jpeg 768w, https:\/\/goiana.pe.leg.br\/portal\/wp-content\/uploads\/2023\/04\/WhatsApp-Image-2023-04-13-at-22.49.32-225x300.jpeg 225w, https:\/\/goiana.pe.leg.br\/portal\/wp-content\/uploads\/2023\/04\/WhatsApp-Image-2023-04-13-at-22.49.32-1152x1536.jpeg 1152w, https:\/\/goiana.pe.leg.br\/portal\/wp-content\/uploads\/2023\/04\/WhatsApp-Image-2023-04-13-at-22.49.32-18x24.jpeg 18w, https:\/\/goiana.pe.leg.br\/portal\/wp-content\/uploads\/2023\/04\/WhatsApp-Image-2023-04-13-at-22.49.32-27x36.jpeg 27w, https:\/\/goiana.pe.leg.br\/portal\/wp-content\/uploads\/2023\/04\/WhatsApp-Image-2023-04-13-at-22.49.32-36x48.jpeg 36w, https:\/\/goiana.pe.leg.br\/portal\/wp-content\/uploads\/2023\/04\/WhatsApp-Image-2023-04-13-at-22.49.32.jpeg 1200w\" sizes=\"auto, (max-width: 768px) 100vw, 768px\" \/><\/figure>\n\n\n\n<figure class=\"wp-block-image size-large\"><img loading=\"lazy\" decoding=\"async\" width=\"1024\" height=\"768\" data-id=\"2975\" src=\"https:\/\/goiana.pe.leg.br\/portal\/wp-content\/uploads\/2023\/04\/WhatsApp-Image-2023-04-13-at-22.49.31-1024x768.jpeg\" alt=\"\" class=\"wp-image-2975\" srcset=\"https:\/\/goiana.pe.leg.br\/portal\/wp-content\/uploads\/2023\/04\/WhatsApp-Image-2023-04-13-at-22.49.31-1024x768.jpeg 1024w, https:\/\/goiana.pe.leg.br\/portal\/wp-content\/uploads\/2023\/04\/WhatsApp-Image-2023-04-13-at-22.49.31-300x225.jpeg 300w, https:\/\/goiana.pe.leg.br\/portal\/wp-content\/uploads\/2023\/04\/WhatsApp-Image-2023-04-13-at-22.49.31-768x576.jpeg 768w, https:\/\/goiana.pe.leg.br\/portal\/wp-content\/uploads\/2023\/04\/WhatsApp-Image-2023-04-13-at-22.49.31-1536x1152.jpeg 1536w, https:\/\/goiana.pe.leg.br\/portal\/wp-content\/uploads\/2023\/04\/WhatsApp-Image-2023-04-13-at-22.49.31-1568x1176.jpeg 1568w, https:\/\/goiana.pe.leg.br\/portal\/wp-content\/uploads\/2023\/04\/WhatsApp-Image-2023-04-13-at-22.49.31-24x18.jpeg 24w, https:\/\/goiana.pe.leg.br\/portal\/wp-content\/uploads\/2023\/04\/WhatsApp-Image-2023-04-13-at-22.49.31-36x27.jpeg 36w, https:\/\/goiana.pe.leg.br\/portal\/wp-content\/uploads\/2023\/04\/WhatsApp-Image-2023-04-13-at-22.49.31-48x36.jpeg 48w, https:\/\/goiana.pe.leg.br\/portal\/wp-content\/uploads\/2023\/04\/WhatsApp-Image-2023-04-13-at-22.49.31.jpeg 1600w\" sizes=\"auto, (max-width: 1024px) 100vw, 1024px\" \/><\/figure>\n\n\n\n<figure class=\"wp-block-image size-large\"><img loading=\"lazy\" decoding=\"async\" width=\"1024\" height=\"768\" data-id=\"2973\" src=\"https:\/\/goiana.pe.leg.br\/portal\/wp-content\/uploads\/2023\/04\/WhatsApp-Image-2023-04-13-at-22.49.30-1024x768.jpeg\" alt=\"\" class=\"wp-image-2973\" srcset=\"https:\/\/goiana.pe.leg.br\/portal\/wp-content\/uploads\/2023\/04\/WhatsApp-Image-2023-04-13-at-22.49.30-1024x768.jpeg 1024w, https:\/\/goiana.pe.leg.br\/portal\/wp-content\/uploads\/2023\/04\/WhatsApp-Image-2023-04-13-at-22.49.30-300x225.jpeg 300w, https:\/\/goiana.pe.leg.br\/portal\/wp-content\/uploads\/2023\/04\/WhatsApp-Image-2023-04-13-at-22.49.30-768x576.jpeg 768w, https:\/\/goiana.pe.leg.br\/portal\/wp-content\/uploads\/2023\/04\/WhatsApp-Image-2023-04-13-at-22.49.30-1536x1152.jpeg 1536w, https:\/\/goiana.pe.leg.br\/portal\/wp-content\/uploads\/2023\/04\/WhatsApp-Image-2023-04-13-at-22.49.30-1568x1176.jpeg 1568w, https:\/\/goiana.pe.leg.br\/portal\/wp-content\/uploads\/2023\/04\/WhatsApp-Image-2023-04-13-at-22.49.30-24x18.jpeg 24w, https:\/\/goiana.pe.leg.br\/portal\/wp-content\/uploads\/2023\/04\/WhatsApp-Image-2023-04-13-at-22.49.30-36x27.jpeg 36w, https:\/\/goiana.pe.leg.br\/portal\/wp-content\/uploads\/2023\/04\/WhatsApp-Image-2023-04-13-at-22.49.30-48x36.jpeg 48w, https:\/\/goiana.pe.leg.br\/portal\/wp-content\/uploads\/2023\/04\/WhatsApp-Image-2023-04-13-at-22.49.30.jpeg 1600w\" sizes=\"auto, (max-width: 1024px) 100vw, 1024px\" \/><\/figure>\n\n\n\n<figure class=\"wp-block-image size-large\"><img loading=\"lazy\" decoding=\"async\" width=\"1024\" height=\"768\" data-id=\"2976\" src=\"https:\/\/goiana.pe.leg.br\/portal\/wp-content\/uploads\/2023\/04\/WhatsApp-Image-2023-04-13-at-22.49.29-1024x768.jpeg\" alt=\"\" class=\"wp-image-2976\" srcset=\"https:\/\/goiana.pe.leg.br\/portal\/wp-content\/uploads\/2023\/04\/WhatsApp-Image-2023-04-13-at-22.49.29-1024x768.jpeg 1024w, https:\/\/goiana.pe.leg.br\/portal\/wp-content\/uploads\/2023\/04\/WhatsApp-Image-2023-04-13-at-22.49.29-300x225.jpeg 300w, https:\/\/goiana.pe.leg.br\/portal\/wp-content\/uploads\/2023\/04\/WhatsApp-Image-2023-04-13-at-22.49.29-768x576.jpeg 768w, https:\/\/goiana.pe.leg.br\/portal\/wp-content\/uploads\/2023\/04\/WhatsApp-Image-2023-04-13-at-22.49.29-1536x1152.jpeg 1536w, https:\/\/goiana.pe.leg.br\/portal\/wp-content\/uploads\/2023\/04\/WhatsApp-Image-2023-04-13-at-22.49.29-1568x1176.jpeg 1568w, https:\/\/goiana.pe.leg.br\/portal\/wp-content\/uploads\/2023\/04\/WhatsApp-Image-2023-04-13-at-22.49.29-24x18.jpeg 24w, https:\/\/goiana.pe.leg.br\/portal\/wp-content\/uploads\/2023\/04\/WhatsApp-Image-2023-04-13-at-22.49.29-36x27.jpeg 36w, https:\/\/goiana.pe.leg.br\/portal\/wp-content\/uploads\/2023\/04\/WhatsApp-Image-2023-04-13-at-22.49.29-48x36.jpeg 48w, https:\/\/goiana.pe.leg.br\/portal\/wp-content\/uploads\/2023\/04\/WhatsApp-Image-2023-04-13-at-22.49.29.jpeg 1600w\" sizes=\"auto, (max-width: 1024px) 100vw, 1024px\" \/><\/figure>\n<\/figure>\n","protected":false},"excerpt":{"rendered":"<p>Atendendo ao requerimento N\u00ba 019\/2023, de autoria do vereador Alexandre Carvalho, o presidente da C\u00e2mara Municipal de Goiana, Eduardo Batista, determinou a realiza\u00e7\u00e3o de uma Audi\u00eancia P\u00fablica para debater o Plano de Recupera\u00e7\u00e3o Judicial do Grupo Jo\u00e3o Santos, na noite de quarta-feira (12\/04), no plen\u00e1rio da Casa Jos\u00e9 Pinto de Abreu. Al\u00e9m de Eduardo Batista&hellip; <a class=\"more-link\" href=\"https:\/\/goiana.pe.leg.br\/portal\/?p=2969\">Continue lendo <span class=\"screen-reader-text\">C\u00c2MARA REALIZOU AUDI\u00caNCIA P\u00daBLICA SOBRE PLANO DE RECUPERA\u00c7\u00c3O JUDICIAL DO GRUPO JO\u00c3O SANTOS<\/span><\/a><\/p>\n","protected":false},"author":2,"featured_media":2970,"comment_status":"closed","ping_status":"closed","sticky":false,"template":"","format":"standard","meta":{"_monsterinsights_skip_tracking":false,"_monsterinsights_sitenote_active":false,"_monsterinsights_sitenote_note":"","_monsterinsights_sitenote_category":0,"footnotes":""},"categories":[22,23],"tags":[],"class_list":["post-2969","post","type-post","status-publish","format-standard","has-post-thumbnail","hentry","category-acoe","category-noticias","entry"],"featured_image_urls":{"full":["https:\/\/goiana.pe.leg.br\/portal\/wp-content\/uploads\/2023\/04\/WhatsApp-Image-2023-04-13-at-22.49.22.jpeg",1600,1200,false],"thumbnail":["https:\/\/goiana.pe.leg.br\/portal\/wp-content\/uploads\/2023\/04\/WhatsApp-Image-2023-04-13-at-22.49.22-150x150.jpeg",150,150,true],"medium":["https:\/\/goiana.pe.leg.br\/portal\/wp-content\/uploads\/2023\/04\/WhatsApp-Image-2023-04-13-at-22.49.22-300x225.jpeg",300,225,true],"medium_large":["https:\/\/goiana.pe.leg.br\/portal\/wp-content\/uploads\/2023\/04\/WhatsApp-Image-2023-04-13-at-22.49.22-768x576.jpeg",768,576,true],"large":["https:\/\/goiana.pe.leg.br\/portal\/wp-content\/uploads\/2023\/04\/WhatsApp-Image-2023-04-13-at-22.49.22-1024x768.jpeg",1024,768,true],"1536x1536":["https:\/\/goiana.pe.leg.br\/portal\/wp-content\/uploads\/2023\/04\/WhatsApp-Image-2023-04-13-at-22.49.22-1536x1152.jpeg",1536,1152,true],"2048x2048":["https:\/\/goiana.pe.leg.br\/portal\/wp-content\/uploads\/2023\/04\/WhatsApp-Image-2023-04-13-at-22.49.22.jpeg",1600,1200,false],"post-thumbnail":["https:\/\/goiana.pe.leg.br\/portal\/wp-content\/uploads\/2023\/04\/WhatsApp-Image-2023-04-13-at-22.49.22-1568x1176.jpeg",1568,1176,true],"menu-24x24":["https:\/\/goiana.pe.leg.br\/portal\/wp-content\/uploads\/2023\/04\/WhatsApp-Image-2023-04-13-at-22.49.22-24x18.jpeg",24,18,true],"menu-36x36":["https:\/\/goiana.pe.leg.br\/portal\/wp-content\/uploads\/2023\/04\/WhatsApp-Image-2023-04-13-at-22.49.22-36x27.jpeg",36,27,true],"menu-48x48":["https:\/\/goiana.pe.leg.br\/portal\/wp-content\/uploads\/2023\/04\/WhatsApp-Image-2023-04-13-at-22.49.22-48x36.jpeg",48,36,true]},"author_info":{"info":["Felipe Andrade"]},"category_info":"<a href=\"https:\/\/goiana.pe.leg.br\/portal\/?cat=22\" rel=\"category\">Mat\u00e9rias<\/a> <a href=\"https:\/\/goiana.pe.leg.br\/portal\/?cat=23\" rel=\"category\">Not\u00edcias<\/a>","tag_info":"Not\u00edcias","comment_count":"0","_links":{"self":[{"href":"https:\/\/goiana.pe.leg.br\/portal\/index.php?rest_route=\/wp\/v2\/posts\/2969","targetHints":{"allow":["GET"]}}],"collection":[{"href":"https:\/\/goiana.pe.leg.br\/portal\/index.php?rest_route=\/wp\/v2\/posts"}],"about":[{"href":"https:\/\/goiana.pe.leg.br\/portal\/index.php?rest_route=\/wp\/v2\/types\/post"}],"author":[{"embeddable":true,"href":"https:\/\/goiana.pe.leg.br\/portal\/index.php?rest_route=\/wp\/v2\/users\/2"}],"replies":[{"embeddable":true,"href":"https:\/\/goiana.pe.leg.br\/portal\/index.php?rest_route=%2Fwp%2Fv2%2Fcomments&post=2969"}],"version-history":[{"count":0,"href":"https:\/\/goiana.pe.leg.br\/portal\/index.php?rest_route=\/wp\/v2\/posts\/2969\/revisions"}],"wp:featuredmedia":[{"embeddable":true,"href":"https:\/\/goiana.pe.leg.br\/portal\/index.php?rest_route=\/wp\/v2\/media\/2970"}],"wp:attachment":[{"href":"https:\/\/goiana.pe.leg.br\/portal\/index.php?rest_route=%2Fwp%2Fv2%2Fmedia&parent=2969"}],"wp:term":[{"taxonomy":"category","embeddable":true,"href":"https:\/\/goiana.pe.leg.br\/portal\/index.php?rest_route=%2Fwp%2Fv2%2Fcategories&post=2969"},{"taxonomy":"post_tag","embeddable":true,"href":"https:\/\/goiana.pe.leg.br\/portal\/index.php?rest_route=%2Fwp%2Fv2%2Ftags&post=2969"}],"curies":[{"name":"wp","href":"https:\/\/api.w.org\/{rel}","templated":true}]}}