{"id":3648,"date":"2024-11-26T17:01:25","date_gmt":"2024-11-26T17:01:25","guid":{"rendered":"https:\/\/goiana.pe.leg.br\/portal\/?p=3648"},"modified":"2024-11-26T17:01:25","modified_gmt":"2024-11-26T17:01:25","slug":"camara-conquista-o-selo-ouro-no-ranking-nacional-radar-da-transparencia-publica","status":"publish","type":"post","link":"https:\/\/goiana.pe.leg.br\/portal\/?p=3648","title":{"rendered":"C\u00e2mara conquista o Selo Ouro no ranking nacional Radar da Transpar\u00eancia P\u00fablica"},"content":{"rendered":"\n<p>A C\u00e2mara Municipal de Goiana conquistou o Selo Ouro no ranking nacional Radar da Transpar\u00eancia P\u00fablica, organizado pela Associa\u00e7\u00e3o dos Membros dos Tribunais de Contas (Atricon), por meio do Programa Nacional de Transpar\u00eancia P\u00fablica (PNTP).<\/p>\n\n\n\n<p>A C\u00e2mara Municipal de Goiana ficou em 16\u00ba lugar no ranking das casas legislativas municipais de Pernambuco, atingindo a expressiva marca de 88,78%, ficando \u00e0 frente cidades como Recife, Ipojuca, Olinda, Jaboat\u00e3o dos Guararapes, Paulista, Cabo de Santo Agostinho, Abreu e Lima, entre outras. Na regi\u00e3o da Zona da Mata Norte de Pernambuco, Goiana ficou na segunda coloca\u00e7\u00e3o.<\/p>\n\n\n\n<p>Para o presidente do Poder Legislativo, o vereador Eduardo Batista, estas conquistas demonstram que o esfor\u00e7o conjunto de todos os vereadores e servidores da Casa Jos\u00e9 Pinto de Abreu surtiu efeito. \u201cOs resultados que juntos alcan\u00e7amos nos orgulha e confirmam que estamos no caminho correto, consolidando a C\u00e2mara Municipal de Goiana entre as mais transparentes de todo o Estado. E, seguimos trabalhando para dar continuidade \u00e0s medidas de atualiza\u00e7\u00e3o, moderniza\u00e7\u00e3o e facilita\u00e7\u00e3o no acesso \u00e0s informa\u00e7\u00f5es em nosso site oficial e, tamb\u00e9m, no Portal da Transpar\u00eancia\u201d, ressaltou o presidente.<\/p>\n\n\n\n<p>A conquista do Selo Ouro no Ranking Nacional Radar da Transpar\u00eancia P\u00fablica pela C\u00e2mara Municipal de Goiana representa um marco significativo para o munic\u00edpio. Este reconhecimento comprova o compromisso da Casa Legislativa com a transpar\u00eancia, a efici\u00eancia e o respeito ao cidad\u00e3o, garantindo acesso pleno \u00e0s informa\u00e7\u00f5es p\u00fablicas. Essa honraria destaca Goiana como refer\u00eancia em governan\u00e7a e refor\u00e7a a confian\u00e7a da popula\u00e7\u00e3o na gest\u00e3o dos recursos p\u00fablicos, consolidando uma administra\u00e7\u00e3o mais \u00e9tica e respons\u00e1vel<\/p>\n","protected":false},"excerpt":{"rendered":"<p>A C\u00e2mara Municipal de Goiana conquistou o Selo Ouro no ranking nacional Radar da Transpar\u00eancia P\u00fablica, organizado pela Associa\u00e7\u00e3o dos Membros dos Tribunais de Contas (Atricon), por meio do Programa Nacional de Transpar\u00eancia P\u00fablica (PNTP). A C\u00e2mara Municipal de Goiana ficou em 16\u00ba lugar no ranking das casas legislativas municipais de Pernambuco, atingindo a expressiva&hellip; <a class=\"more-link\" href=\"https:\/\/goiana.pe.leg.br\/portal\/?p=3648\">Continue lendo <span class=\"screen-reader-text\">C\u00e2mara conquista o Selo Ouro no ranking nacional Radar da Transpar\u00eancia P\u00fablica<\/span><\/a><\/p>\n","protected":false},"author":2,"featured_media":3649,"comment_status":"closed","ping_status":"open","sticky":false,"template":"","format":"standard","meta":{"_monsterinsights_skip_tracking":false,"_monsterinsights_sitenote_active":false,"_monsterinsights_sitenote_note":"","_monsterinsights_sitenote_category":0,"footnotes":""},"categories":[15,22,23,5],"tags":[],"class_list":["post-3648","post","type-post","status-publish","format-standard","has-post-thumbnail","hentry","category-destaque","category-acoe","category-noticias","category-noticias-principais","entry"],"featured_image_urls":{"full":["https:\/\/goiana.pe.leg.br\/portal\/wp-content\/uploads\/2024\/11\/Copia-de-Copia-de-Story-para-instagram-sobre-dia-do-arquiteto-2.png",1620,1080,false],"thumbnail":["https:\/\/goiana.pe.leg.br\/portal\/wp-content\/uploads\/2024\/11\/Copia-de-Copia-de-Story-para-instagram-sobre-dia-do-arquiteto-2-150x150.png",150,150,true],"medium":["https:\/\/goiana.pe.leg.br\/portal\/wp-content\/uploads\/2024\/11\/Copia-de-Copia-de-Story-para-instagram-sobre-dia-do-arquiteto-2-300x200.png",300,200,true],"medium_large":["https:\/\/goiana.pe.leg.br\/portal\/wp-content\/uploads\/2024\/11\/Copia-de-Copia-de-Story-para-instagram-sobre-dia-do-arquiteto-2-768x512.png",768,512,true],"large":["https:\/\/goiana.pe.leg.br\/portal\/wp-content\/uploads\/2024\/11\/Copia-de-Copia-de-Story-para-instagram-sobre-dia-do-arquiteto-2-1024x683.png",1024,683,true],"1536x1536":["https:\/\/goiana.pe.leg.br\/portal\/wp-content\/uploads\/2024\/11\/Copia-de-Copia-de-Story-para-instagram-sobre-dia-do-arquiteto-2-1536x1024.png",1536,1024,true],"2048x2048":["https:\/\/goiana.pe.leg.br\/portal\/wp-content\/uploads\/2024\/11\/Copia-de-Copia-de-Story-para-instagram-sobre-dia-do-arquiteto-2.png",1620,1080,false],"post-thumbnail":["https:\/\/goiana.pe.leg.br\/portal\/wp-content\/uploads\/2024\/11\/Copia-de-Copia-de-Story-para-instagram-sobre-dia-do-arquiteto-2-1568x1045.png",1568,1045,true],"menu-24x24":["https:\/\/goiana.pe.leg.br\/portal\/wp-content\/uploads\/2024\/11\/Copia-de-Copia-de-Story-para-instagram-sobre-dia-do-arquiteto-2-24x16.png",24,16,true],"menu-36x36":["https:\/\/goiana.pe.leg.br\/portal\/wp-content\/uploads\/2024\/11\/Copia-de-Copia-de-Story-para-instagram-sobre-dia-do-arquiteto-2-36x24.png",36,24,true],"menu-48x48":["https:\/\/goiana.pe.leg.br\/portal\/wp-content\/uploads\/2024\/11\/Copia-de-Copia-de-Story-para-instagram-sobre-dia-do-arquiteto-2-48x32.png",48,32,true]},"author_info":{"info":["Felipe Andrade"]},"category_info":"<a href=\"https:\/\/goiana.pe.leg.br\/portal\/?cat=15\" rel=\"category\">Destaque<\/a> <a href=\"https:\/\/goiana.pe.leg.br\/portal\/?cat=22\" rel=\"category\">Mat\u00e9rias<\/a> <a href=\"https:\/\/goiana.pe.leg.br\/portal\/?cat=23\" rel=\"category\">Not\u00edcias<\/a> <a href=\"https:\/\/goiana.pe.leg.br\/portal\/?cat=5\" rel=\"category\">Not\u00edcias Principais<\/a>","tag_info":"Not\u00edcias Principais","comment_count":"0","_links":{"self":[{"href":"https:\/\/goiana.pe.leg.br\/portal\/index.php?rest_route=\/wp\/v2\/posts\/3648","targetHints":{"allow":["GET"]}}],"collection":[{"href":"https:\/\/goiana.pe.leg.br\/portal\/index.php?rest_route=\/wp\/v2\/posts"}],"about":[{"href":"https:\/\/goiana.pe.leg.br\/portal\/index.php?rest_route=\/wp\/v2\/types\/post"}],"author":[{"embeddable":true,"href":"https:\/\/goiana.pe.leg.br\/portal\/index.php?rest_route=\/wp\/v2\/users\/2"}],"replies":[{"embeddable":true,"href":"https:\/\/goiana.pe.leg.br\/portal\/index.php?rest_route=%2Fwp%2Fv2%2Fcomments&post=3648"}],"version-history":[{"count":1,"href":"https:\/\/goiana.pe.leg.br\/portal\/index.php?rest_route=\/wp\/v2\/posts\/3648\/revisions"}],"predecessor-version":[{"id":3650,"href":"https:\/\/goiana.pe.leg.br\/portal\/index.php?rest_route=\/wp\/v2\/posts\/3648\/revisions\/3650"}],"wp:featuredmedia":[{"embeddable":true,"href":"https:\/\/goiana.pe.leg.br\/portal\/index.php?rest_route=\/wp\/v2\/media\/3649"}],"wp:attachment":[{"href":"https:\/\/goiana.pe.leg.br\/portal\/index.php?rest_route=%2Fwp%2Fv2%2Fmedia&parent=3648"}],"wp:term":[{"taxonomy":"category","embeddable":true,"href":"https:\/\/goiana.pe.leg.br\/portal\/index.php?rest_route=%2Fwp%2Fv2%2Fcategories&post=3648"},{"taxonomy":"post_tag","embeddable":true,"href":"https:\/\/goiana.pe.leg.br\/portal\/index.php?rest_route=%2Fwp%2Fv2%2Ftags&post=3648"}],"curies":[{"name":"wp","href":"https:\/\/api.w.org\/{rel}","templated":true}]}}