{"id":3652,"date":"2024-12-13T14:22:23","date_gmt":"2024-12-13T14:22:23","guid":{"rendered":"https:\/\/goiana.pe.leg.br\/portal\/?p=3652"},"modified":"2024-12-13T14:26:44","modified_gmt":"2024-12-13T14:26:44","slug":"camara-municipal-de-goiana-recebe-homenagem-da-uvp-por-conquistar-selo-ouro-no-ranking-nacional-radar-da-transparencia-publica","status":"publish","type":"post","link":"https:\/\/goiana.pe.leg.br\/portal\/?p=3652","title":{"rendered":"C\u00e2mara Municipal de Goiana recebe homenagem da UVP por conquistar Selo Ouro no ranking nacional Radar da Transpar\u00eancia P\u00fablica"},"content":{"rendered":"\n<p>A Uni\u00e3o dos Vereadores de Pernambuco (UVP) est\u00e1 realizando o seu \u00faltimo Congresso Estadual de 2024, entre os dias 10 e 13 de dezembro, no munic\u00edpio de Triunfo, no Sert\u00e3o do Paje\u00fa. O evento \u00e9 um dos maiores j\u00e1 organizados pela institui\u00e7\u00e3o e marca a celebra\u00e7\u00e3o dos 49 anos da UVP.<\/p>\n\n\n\n<p>Um dos pontos altos do concorrido evento, que contou com a presen\u00e7a da governadora de Pernambuco, Raquel Lyra, foi a homenagem feita para as C\u00e2mara Municipais que conquistaram bons resultados no ranking nacional Radar da Transpar\u00eancia P\u00fablica, organizado pela Associa\u00e7\u00e3o dos Membros dos Tribunais de Contas (Atricon), por meio do Programa Nacional de Transpar\u00eancia P\u00fablica (PNTP).<\/p>\n\n\n\n<p>A C\u00e2mara Municipal de Goiana foi uma das homenageadas, na manh\u00e3 de quinta-feira (12\/12), recebendo do presidente da UVP, L\u00e9o do Ar, um trof\u00e9u em reconhecimento a conquista do Selo Ouro no referido ranking.<\/p>\n\n\n\n<p>Para o presidente do Poder Legislativo de Goiana, o vereador Eduardo Batista, esta conquista demonstrou que o esfor\u00e7o conjunto de todos os vereadores e servidores da Casa Jos\u00e9 Pinto de Abreu surtiu efeito. \u201cOs resultados que juntos alcan\u00e7amos nos orgulham e confirmam que estamos no caminho correto, consolidando a C\u00e2mara Municipal de Goiana entre as mais transparentes de todo o Estado. E, seguimos trabalhando para dar continuidade \u00e0s medidas de atualiza\u00e7\u00e3o, moderniza\u00e7\u00e3o e facilita\u00e7\u00e3o no acesso \u00e0s informa\u00e7\u00f5es em nosso site oficial e, tamb\u00e9m, no Portal da Transpar\u00eancia\u201d, ressaltou o presidente.<\/p>\n\n\n\n<p>Al\u00e9m de celebrar os 49 anos da UVP e de homenagear as Casas Legislativas que se destacaram no ranking nacional Radar da Transpar\u00eancia P\u00fablica, a programa\u00e7\u00e3o do evento ainda inclui palestras e debates com advogados, jornalistas, contadores, professores universit\u00e1rios e o Procurador-Geral do Minist\u00e9rio P\u00fablico de Contas, Dr. Ricardo Alexandre. O objetivo \u00e9 oferecer capacita\u00e7\u00e3o de excel\u00eancia aos parlamentares municipais e fortalecer o papel do Legislativo local.<\/p>\n\n\n\n<figure class=\"wp-block-gallery has-nested-images columns-default is-cropped wp-block-gallery-1 is-layout-flex wp-block-gallery-is-layout-flex\">\n<figure class=\"wp-block-image size-large\"><img loading=\"lazy\" decoding=\"async\" width=\"1024\" height=\"1024\" data-id=\"3656\" src=\"https:\/\/goiana.pe.leg.br\/portal\/wp-content\/uploads\/2024\/12\/Snapinsta.app_469722977_558639400349111_1484250323198883728_n_1080-1024x1024.jpg\" alt=\"\" class=\"wp-image-3656\" srcset=\"https:\/\/goiana.pe.leg.br\/portal\/wp-content\/uploads\/2024\/12\/Snapinsta.app_469722977_558639400349111_1484250323198883728_n_1080-1024x1024.jpg 1024w, https:\/\/goiana.pe.leg.br\/portal\/wp-content\/uploads\/2024\/12\/Snapinsta.app_469722977_558639400349111_1484250323198883728_n_1080-300x300.jpg 300w, https:\/\/goiana.pe.leg.br\/portal\/wp-content\/uploads\/2024\/12\/Snapinsta.app_469722977_558639400349111_1484250323198883728_n_1080-150x150.jpg 150w, https:\/\/goiana.pe.leg.br\/portal\/wp-content\/uploads\/2024\/12\/Snapinsta.app_469722977_558639400349111_1484250323198883728_n_1080-768x768.jpg 768w, https:\/\/goiana.pe.leg.br\/portal\/wp-content\/uploads\/2024\/12\/Snapinsta.app_469722977_558639400349111_1484250323198883728_n_1080-24x24.jpg 24w, https:\/\/goiana.pe.leg.br\/portal\/wp-content\/uploads\/2024\/12\/Snapinsta.app_469722977_558639400349111_1484250323198883728_n_1080-36x36.jpg 36w, https:\/\/goiana.pe.leg.br\/portal\/wp-content\/uploads\/2024\/12\/Snapinsta.app_469722977_558639400349111_1484250323198883728_n_1080-48x48.jpg 48w, https:\/\/goiana.pe.leg.br\/portal\/wp-content\/uploads\/2024\/12\/Snapinsta.app_469722977_558639400349111_1484250323198883728_n_1080.jpg 1080w\" sizes=\"auto, (max-width: 1024px) 100vw, 1024px\" \/><\/figure>\n\n\n\n<figure class=\"wp-block-image size-large\"><img loading=\"lazy\" decoding=\"async\" width=\"1024\" height=\"1024\" data-id=\"3657\" src=\"https:\/\/goiana.pe.leg.br\/portal\/wp-content\/uploads\/2024\/12\/Snapinsta.app_469951326_1750065299112516_3029192759505573887_n_1080-1024x1024.jpg\" alt=\"\" class=\"wp-image-3657\" srcset=\"https:\/\/goiana.pe.leg.br\/portal\/wp-content\/uploads\/2024\/12\/Snapinsta.app_469951326_1750065299112516_3029192759505573887_n_1080-1024x1024.jpg 1024w, https:\/\/goiana.pe.leg.br\/portal\/wp-content\/uploads\/2024\/12\/Snapinsta.app_469951326_1750065299112516_3029192759505573887_n_1080-300x300.jpg 300w, https:\/\/goiana.pe.leg.br\/portal\/wp-content\/uploads\/2024\/12\/Snapinsta.app_469951326_1750065299112516_3029192759505573887_n_1080-150x150.jpg 150w, https:\/\/goiana.pe.leg.br\/portal\/wp-content\/uploads\/2024\/12\/Snapinsta.app_469951326_1750065299112516_3029192759505573887_n_1080-768x768.jpg 768w, https:\/\/goiana.pe.leg.br\/portal\/wp-content\/uploads\/2024\/12\/Snapinsta.app_469951326_1750065299112516_3029192759505573887_n_1080-24x24.jpg 24w, https:\/\/goiana.pe.leg.br\/portal\/wp-content\/uploads\/2024\/12\/Snapinsta.app_469951326_1750065299112516_3029192759505573887_n_1080-36x36.jpg 36w, https:\/\/goiana.pe.leg.br\/portal\/wp-content\/uploads\/2024\/12\/Snapinsta.app_469951326_1750065299112516_3029192759505573887_n_1080-48x48.jpg 48w, https:\/\/goiana.pe.leg.br\/portal\/wp-content\/uploads\/2024\/12\/Snapinsta.app_469951326_1750065299112516_3029192759505573887_n_1080.jpg 1080w\" sizes=\"auto, (max-width: 1024px) 100vw, 1024px\" \/><\/figure>\n\n\n\n<figure class=\"wp-block-image size-large\"><img loading=\"lazy\" decoding=\"async\" width=\"1024\" height=\"1024\" data-id=\"3655\" src=\"https:\/\/goiana.pe.leg.br\/portal\/wp-content\/uploads\/2024\/12\/Snapinsta.app_470048395_2344322499257149_5828718460955920740_n_1080-1024x1024.jpg\" alt=\"\" class=\"wp-image-3655\" srcset=\"https:\/\/goiana.pe.leg.br\/portal\/wp-content\/uploads\/2024\/12\/Snapinsta.app_470048395_2344322499257149_5828718460955920740_n_1080-1024x1024.jpg 1024w, https:\/\/goiana.pe.leg.br\/portal\/wp-content\/uploads\/2024\/12\/Snapinsta.app_470048395_2344322499257149_5828718460955920740_n_1080-300x300.jpg 300w, https:\/\/goiana.pe.leg.br\/portal\/wp-content\/uploads\/2024\/12\/Snapinsta.app_470048395_2344322499257149_5828718460955920740_n_1080-150x150.jpg 150w, https:\/\/goiana.pe.leg.br\/portal\/wp-content\/uploads\/2024\/12\/Snapinsta.app_470048395_2344322499257149_5828718460955920740_n_1080-768x768.jpg 768w, https:\/\/goiana.pe.leg.br\/portal\/wp-content\/uploads\/2024\/12\/Snapinsta.app_470048395_2344322499257149_5828718460955920740_n_1080-24x24.jpg 24w, https:\/\/goiana.pe.leg.br\/portal\/wp-content\/uploads\/2024\/12\/Snapinsta.app_470048395_2344322499257149_5828718460955920740_n_1080-36x36.jpg 36w, https:\/\/goiana.pe.leg.br\/portal\/wp-content\/uploads\/2024\/12\/Snapinsta.app_470048395_2344322499257149_5828718460955920740_n_1080-48x48.jpg 48w, https:\/\/goiana.pe.leg.br\/portal\/wp-content\/uploads\/2024\/12\/Snapinsta.app_470048395_2344322499257149_5828718460955920740_n_1080.jpg 1080w\" sizes=\"auto, (max-width: 1024px) 100vw, 1024px\" \/><\/figure>\n<\/figure>\n","protected":false},"excerpt":{"rendered":"<p>A Uni\u00e3o dos Vereadores de Pernambuco (UVP) est\u00e1 realizando o seu \u00faltimo Congresso Estadual de 2024, entre os dias 10 e 13 de dezembro, no munic\u00edpio de Triunfo, no Sert\u00e3o do Paje\u00fa. O evento \u00e9 um dos maiores j\u00e1 organizados pela institui\u00e7\u00e3o e marca a celebra\u00e7\u00e3o dos 49 anos da UVP. Um dos pontos altos&hellip; <a class=\"more-link\" href=\"https:\/\/goiana.pe.leg.br\/portal\/?p=3652\">Continue lendo <span class=\"screen-reader-text\">C\u00e2mara Municipal de Goiana recebe homenagem da UVP por conquistar Selo Ouro no ranking nacional Radar da Transpar\u00eancia P\u00fablica<\/span><\/a><\/p>\n","protected":false},"author":2,"featured_media":3654,"comment_status":"closed","ping_status":"open","sticky":false,"template":"","format":"standard","meta":{"_monsterinsights_skip_tracking":false,"_monsterinsights_sitenote_active":false,"_monsterinsights_sitenote_note":"","_monsterinsights_sitenote_category":0,"footnotes":""},"categories":[15,22,23,5],"tags":[],"class_list":["post-3652","post","type-post","status-publish","format-standard","has-post-thumbnail","hentry","category-destaque","category-acoe","category-noticias","category-noticias-principais","entry"],"featured_image_urls":{"full":["https:\/\/goiana.pe.leg.br\/portal\/wp-content\/uploads\/2024\/12\/UVP-capa-selo-ouro.png",1080,722,false],"thumbnail":["https:\/\/goiana.pe.leg.br\/portal\/wp-content\/uploads\/2024\/12\/UVP-capa-selo-ouro-150x150.png",150,150,true],"medium":["https:\/\/goiana.pe.leg.br\/portal\/wp-content\/uploads\/2024\/12\/UVP-capa-selo-ouro-300x201.png",300,201,true],"medium_large":["https:\/\/goiana.pe.leg.br\/portal\/wp-content\/uploads\/2024\/12\/UVP-capa-selo-ouro-768x513.png",768,513,true],"large":["https:\/\/goiana.pe.leg.br\/portal\/wp-content\/uploads\/2024\/12\/UVP-capa-selo-ouro-1024x685.png",1024,685,true],"1536x1536":["https:\/\/goiana.pe.leg.br\/portal\/wp-content\/uploads\/2024\/12\/UVP-capa-selo-ouro.png",1080,722,false],"2048x2048":["https:\/\/goiana.pe.leg.br\/portal\/wp-content\/uploads\/2024\/12\/UVP-capa-selo-ouro.png",1080,722,false],"post-thumbnail":["https:\/\/goiana.pe.leg.br\/portal\/wp-content\/uploads\/2024\/12\/UVP-capa-selo-ouro.png",1080,722,false],"menu-24x24":["https:\/\/goiana.pe.leg.br\/portal\/wp-content\/uploads\/2024\/12\/UVP-capa-selo-ouro-24x16.png",24,16,true],"menu-36x36":["https:\/\/goiana.pe.leg.br\/portal\/wp-content\/uploads\/2024\/12\/UVP-capa-selo-ouro-36x24.png",36,24,true],"menu-48x48":["https:\/\/goiana.pe.leg.br\/portal\/wp-content\/uploads\/2024\/12\/UVP-capa-selo-ouro-48x32.png",48,32,true]},"author_info":{"info":["Felipe Andrade"]},"category_info":"<a href=\"https:\/\/goiana.pe.leg.br\/portal\/?cat=15\" rel=\"category\">Destaque<\/a> <a href=\"https:\/\/goiana.pe.leg.br\/portal\/?cat=22\" rel=\"category\">Mat\u00e9rias<\/a> <a href=\"https:\/\/goiana.pe.leg.br\/portal\/?cat=23\" rel=\"category\">Not\u00edcias<\/a> <a href=\"https:\/\/goiana.pe.leg.br\/portal\/?cat=5\" rel=\"category\">Not\u00edcias Principais<\/a>","tag_info":"Not\u00edcias Principais","comment_count":"0","_links":{"self":[{"href":"https:\/\/goiana.pe.leg.br\/portal\/index.php?rest_route=\/wp\/v2\/posts\/3652","targetHints":{"allow":["GET"]}}],"collection":[{"href":"https:\/\/goiana.pe.leg.br\/portal\/index.php?rest_route=\/wp\/v2\/posts"}],"about":[{"href":"https:\/\/goiana.pe.leg.br\/portal\/index.php?rest_route=\/wp\/v2\/types\/post"}],"author":[{"embeddable":true,"href":"https:\/\/goiana.pe.leg.br\/portal\/index.php?rest_route=\/wp\/v2\/users\/2"}],"replies":[{"embeddable":true,"href":"https:\/\/goiana.pe.leg.br\/portal\/index.php?rest_route=%2Fwp%2Fv2%2Fcomments&post=3652"}],"version-history":[{"count":2,"href":"https:\/\/goiana.pe.leg.br\/portal\/index.php?rest_route=\/wp\/v2\/posts\/3652\/revisions"}],"predecessor-version":[{"id":3658,"href":"https:\/\/goiana.pe.leg.br\/portal\/index.php?rest_route=\/wp\/v2\/posts\/3652\/revisions\/3658"}],"wp:featuredmedia":[{"embeddable":true,"href":"https:\/\/goiana.pe.leg.br\/portal\/index.php?rest_route=\/wp\/v2\/media\/3654"}],"wp:attachment":[{"href":"https:\/\/goiana.pe.leg.br\/portal\/index.php?rest_route=%2Fwp%2Fv2%2Fmedia&parent=3652"}],"wp:term":[{"taxonomy":"category","embeddable":true,"href":"https:\/\/goiana.pe.leg.br\/portal\/index.php?rest_route=%2Fwp%2Fv2%2Fcategories&post=3652"},{"taxonomy":"post_tag","embeddable":true,"href":"https:\/\/goiana.pe.leg.br\/portal\/index.php?rest_route=%2Fwp%2Fv2%2Ftags&post=3652"}],"curies":[{"name":"wp","href":"https:\/\/api.w.org\/{rel}","templated":true}]}}