{"id":3664,"date":"2024-12-26T14:54:00","date_gmt":"2024-12-26T14:54:00","guid":{"rendered":"https:\/\/goiana.pe.leg.br\/portal\/?p=3664"},"modified":"2024-12-26T14:54:00","modified_gmt":"2024-12-26T14:54:00","slug":"edital-de-convocacao-no-031-2024","status":"publish","type":"post","link":"https:\/\/goiana.pe.leg.br\/portal\/?p=3664","title":{"rendered":"Edital de Convoca\u00e7\u00e3o N\u00ba 031\/2024"},"content":{"rendered":"\n<p>O PRESIDENTE DA C\u00c2MARA MUNICIPAL DE GOIANA, ESTADO DE PERNAMBUCO, no uso das atribui\u00e7\u00f5es que lhes s\u00e3o conferidas pela Lei Org\u00e2nica Municipal, art.30, lI e pelo Regimento da Casa, art. 10, l, tendo em vista a proclama\u00e7\u00e3o dos eleitos realizada em 19.12.2024, faz saber a todos e a quem interessar possa, especialmente aos senhores Vereadores, que fica convocada uma Sess\u00e3o Solene da C\u00e2mara Municipal de Goiana, no dia 1\u00b0 de janeiro de 2025, as 19h, para instala\u00e7\u00e3o da 193 (decima nona), Legislatura da C\u00e2mara Municipal de Goiana, posse dos Vereadores eleitos, e elei\u00e7\u00e3o da Mesa, para o Bi\u00eanio de 2025\/2026, no Audit\u00f3rio do Centro Cultural Ant\u00f4nio Correa de Oliveira (SESC LER), Rua Josias de Albuquerque (antiga Rua do Arame), Goiana PE.<\/p>\n\n\n\n<p><br>Gabinete da Presid\u00eancia, em 20 de dezembro de 2024.<\/p>\n\n\n\n<p><\/p>\n","protected":false},"excerpt":{"rendered":"<p>O PRESIDENTE DA C\u00c2MARA MUNICIPAL DE GOIANA, ESTADO DE PERNAMBUCO, no uso das atribui\u00e7\u00f5es que lhes s\u00e3o conferidas pela Lei Org\u00e2nica Municipal, art.30, lI e pelo Regimento da Casa, art. 10, l, tendo em vista a proclama\u00e7\u00e3o dos eleitos realizada em 19.12.2024, faz saber a todos e a quem interessar possa, especialmente aos senhores Vereadores,&hellip; <a class=\"more-link\" href=\"https:\/\/goiana.pe.leg.br\/portal\/?p=3664\">Continue lendo <span class=\"screen-reader-text\">Edital de Convoca\u00e7\u00e3o N\u00ba 031\/2024<\/span><\/a><\/p>\n","protected":false},"author":2,"featured_media":3665,"comment_status":"closed","ping_status":"open","sticky":false,"template":"","format":"standard","meta":{"_monsterinsights_skip_tracking":false,"_monsterinsights_sitenote_active":false,"_monsterinsights_sitenote_note":"","_monsterinsights_sitenote_category":0,"footnotes":""},"categories":[14],"tags":[],"class_list":["post-3664","post","type-post","status-publish","format-standard","has-post-thumbnail","hentry","category-cmgeditaisdelicitacao","entry"],"featured_image_urls":{"full":["https:\/\/goiana.pe.leg.br\/portal\/wp-content\/uploads\/2024\/12\/WhatsApp-Image-2024-12-26-at-11.51.02.jpeg",1106,1600,false],"thumbnail":["https:\/\/goiana.pe.leg.br\/portal\/wp-content\/uploads\/2024\/12\/WhatsApp-Image-2024-12-26-at-11.51.02-150x150.jpeg",150,150,true],"medium":["https:\/\/goiana.pe.leg.br\/portal\/wp-content\/uploads\/2024\/12\/WhatsApp-Image-2024-12-26-at-11.51.02-207x300.jpeg",207,300,true],"medium_large":["https:\/\/goiana.pe.leg.br\/portal\/wp-content\/uploads\/2024\/12\/WhatsApp-Image-2024-12-26-at-11.51.02-768x1111.jpeg",768,1111,true],"large":["https:\/\/goiana.pe.leg.br\/portal\/wp-content\/uploads\/2024\/12\/WhatsApp-Image-2024-12-26-at-11.51.02-708x1024.jpeg",708,1024,true],"1536x1536":["https:\/\/goiana.pe.leg.br\/portal\/wp-content\/uploads\/2024\/12\/WhatsApp-Image-2024-12-26-at-11.51.02-1062x1536.jpeg",1062,1536,true],"2048x2048":["https:\/\/goiana.pe.leg.br\/portal\/wp-content\/uploads\/2024\/12\/WhatsApp-Image-2024-12-26-at-11.51.02.jpeg",1106,1600,false],"post-thumbnail":["https:\/\/goiana.pe.leg.br\/portal\/wp-content\/uploads\/2024\/12\/WhatsApp-Image-2024-12-26-at-11.51.02.jpeg",1106,1600,false],"menu-24x24":["https:\/\/goiana.pe.leg.br\/portal\/wp-content\/uploads\/2024\/12\/WhatsApp-Image-2024-12-26-at-11.51.02-17x24.jpeg",17,24,true],"menu-36x36":["https:\/\/goiana.pe.leg.br\/portal\/wp-content\/uploads\/2024\/12\/WhatsApp-Image-2024-12-26-at-11.51.02-25x36.jpeg",25,36,true],"menu-48x48":["https:\/\/goiana.pe.leg.br\/portal\/wp-content\/uploads\/2024\/12\/WhatsApp-Image-2024-12-26-at-11.51.02-33x48.jpeg",33,48,true]},"author_info":{"info":["Felipe Andrade"]},"category_info":"<a href=\"https:\/\/goiana.pe.leg.br\/portal\/?cat=14\" rel=\"category\">Editais<\/a>","tag_info":"Editais","comment_count":"0","_links":{"self":[{"href":"https:\/\/goiana.pe.leg.br\/portal\/index.php?rest_route=\/wp\/v2\/posts\/3664","targetHints":{"allow":["GET"]}}],"collection":[{"href":"https:\/\/goiana.pe.leg.br\/portal\/index.php?rest_route=\/wp\/v2\/posts"}],"about":[{"href":"https:\/\/goiana.pe.leg.br\/portal\/index.php?rest_route=\/wp\/v2\/types\/post"}],"author":[{"embeddable":true,"href":"https:\/\/goiana.pe.leg.br\/portal\/index.php?rest_route=\/wp\/v2\/users\/2"}],"replies":[{"embeddable":true,"href":"https:\/\/goiana.pe.leg.br\/portal\/index.php?rest_route=%2Fwp%2Fv2%2Fcomments&post=3664"}],"version-history":[{"count":2,"href":"https:\/\/goiana.pe.leg.br\/portal\/index.php?rest_route=\/wp\/v2\/posts\/3664\/revisions"}],"predecessor-version":[{"id":3667,"href":"https:\/\/goiana.pe.leg.br\/portal\/index.php?rest_route=\/wp\/v2\/posts\/3664\/revisions\/3667"}],"wp:featuredmedia":[{"embeddable":true,"href":"https:\/\/goiana.pe.leg.br\/portal\/index.php?rest_route=\/wp\/v2\/media\/3665"}],"wp:attachment":[{"href":"https:\/\/goiana.pe.leg.br\/portal\/index.php?rest_route=%2Fwp%2Fv2%2Fmedia&parent=3664"}],"wp:term":[{"taxonomy":"category","embeddable":true,"href":"https:\/\/goiana.pe.leg.br\/portal\/index.php?rest_route=%2Fwp%2Fv2%2Fcategories&post=3664"},{"taxonomy":"post_tag","embeddable":true,"href":"https:\/\/goiana.pe.leg.br\/portal\/index.php?rest_route=%2Fwp%2Fv2%2Ftags&post=3664"}],"curies":[{"name":"wp","href":"https:\/\/api.w.org\/{rel}","templated":true}]}}